{"id":57497,"date":"2018-08-01T11:32:44","date_gmt":"2018-08-01T14:32:44","guid":{"rendered":"http:\/\/portalcatolico.net\/portal\/?p=57497"},"modified":"2018-08-01T11:35:11","modified_gmt":"2018-08-01T14:35:11","slug":"em-itabuna-continuam-as-celebracoes-em-homenagem-a-bom-jesus","status":"publish","type":"post","link":"http:\/\/portalcatolico.net\/portal\/em-itabuna-continuam-as-celebracoes-em-homenagem-a-bom-jesus\/","title":{"rendered":"Em Itabuna, continuam as celebra\u00e7\u00f5es em homenagem a Bom Jesus"},"content":{"rendered":"<p style=\"font-weight: 400;\">Bom Jesus continua sendo celebrado em diversas par\u00f3quias da regi\u00e3o. Em Itabuna, n\u00e3o podia ser diferente. A Comunidade da Rua de Palha, pertencente \u00e0 Par\u00f3quia Nossa Senhora da Concei\u00e7\u00e3o do bairro Ferradas, j\u00e1 deu in\u00edcio ao Noven\u00e1rio.<\/p>\n<p style=\"font-weight: 400;\">Nesta ter\u00e7a-feira (31), aconteceu a 5\u00aa noite&nbsp;com o&nbsp;Subtema: &#8220;Com Maria, ser Igreja viva e participativa&#8221;. A reflex\u00e3o foi feita pelo convidado especial, o bispo da Diocese de&nbsp;Itabuna, Dom Carlos Alberto dos Santos.&nbsp; Na oportunidade, ele falou: &#8220;Neste Evangelho de hoje n\u00f3s fomos convidados a sermos cidade de Deus. Onde reina a paz, a justi\u00e7a, o amor, onde todos n\u00f3s devemos ser a coroa para a Igreja de Jesus&#8221;.<\/p>\n<p style=\"font-weight: 400;\">A Santa Missa foi presidida por&nbsp;Dom Carlos e concelebrada pelo p\u00e1roco da Par\u00f3quia Nossa Senhora da&nbsp;Concei\u00e7\u00e3o (do bairro Ferradas, em Itabuna), pelo Pe. Jos\u00e9 Roberto e pelo Di\u00e1cono permanente, A\u00edlton Matos.<\/p>\n<p style=\"font-weight: 400;\">O t\u00e3o esperado dia festivo acontece no domingo (05) com uma programa\u00e7\u00e3o especial: \u00e0s 12h tem o soltar de fogos na&nbsp;casa de cada pessoa da comunidade, \u00e0s 17h30 acontece a Santa Missa festiva, seguida de &nbsp;prociss\u00e3o e b\u00ean\u00e7\u00e3o com o Sant\u00edssimo Sacramento.<\/p>\n<p>GALERIA DE FOTOS. <a href=\"https:\/\/www.facebook.com\/portalcatolicooficial\"><span style=\"color: #ff0000;\">CLIQUE AQUI<\/span><\/a><\/p>\n<p style=\"font-weight: 400;\">&nbsp;<\/p>\n","protected":false},"excerpt":{"rendered":"<p>Bom Jesus continua sendo celebrado em diversas par\u00f3quias da regi\u00e3o. Em Itabuna, n\u00e3o podia ser diferente. A Comunidade da Rua de Palha, pertencente \u00e0 Par\u00f3quia Nossa Senhora da Concei\u00e7\u00e3o do bairro Ferradas, j\u00e1 deu in\u00edcio ao Noven\u00e1rio. Nesta ter\u00e7a-feira (31), aconteceu a 5\u00aa noite&nbsp;com o&nbsp;Subtema: &#8220;Com Maria, ser Igreja viva e participativa&#8221;. A reflex\u00e3o foi&nbsp;<\/p>\n<p><a class=\"btn btn-style\" href=\"http:\/\/portalcatolico.net\/portal\/em-itabuna-continuam-as-celebracoes-em-homenagem-a-bom-jesus\/\">Continue Reading<\/a><\/p>\n","protected":false},"author":2,"featured_media":57498,"comment_status":"open","ping_status":"open","sticky":false,"template":"","format":"standard","meta":{"footnotes":""},"categories":[68],"tags":[],"class_list":["post-57497","post","type-post","status-publish","format-standard","has-post-thumbnail","hentry","category-homilias"],"_links":{"self":[{"href":"http:\/\/portalcatolico.net\/portal\/wp-json\/wp\/v2\/posts\/57497","targetHints":{"allow":["GET"]}}],"collection":[{"href":"http:\/\/portalcatolico.net\/portal\/wp-json\/wp\/v2\/posts"}],"about":[{"href":"http:\/\/portalcatolico.net\/portal\/wp-json\/wp\/v2\/types\/post"}],"author":[{"embeddable":true,"href":"http:\/\/portalcatolico.net\/portal\/wp-json\/wp\/v2\/users\/2"}],"replies":[{"embeddable":true,"href":"http:\/\/portalcatolico.net\/portal\/wp-json\/wp\/v2\/comments?post=57497"}],"version-history":[{"count":3,"href":"http:\/\/portalcatolico.net\/portal\/wp-json\/wp\/v2\/posts\/57497\/revisions"}],"predecessor-version":[{"id":57501,"href":"http:\/\/portalcatolico.net\/portal\/wp-json\/wp\/v2\/posts\/57497\/revisions\/57501"}],"wp:featuredmedia":[{"embeddable":true,"href":"http:\/\/portalcatolico.net\/portal\/wp-json\/wp\/v2\/media\/57498"}],"wp:attachment":[{"href":"http:\/\/portalcatolico.net\/portal\/wp-json\/wp\/v2\/media?parent=57497"}],"wp:term":[{"taxonomy":"category","embeddable":true,"href":"http:\/\/portalcatolico.net\/portal\/wp-json\/wp\/v2\/categories?post=57497"},{"taxonomy":"post_tag","embeddable":true,"href":"http:\/\/portalcatolico.net\/portal\/wp-json\/wp\/v2\/tags?post=57497"}],"curies":[{"name":"wp","href":"https:\/\/api.w.org\/{rel}","templated":true}]}}