{"id":57494,"date":"2018-07-31T12:41:48","date_gmt":"2018-07-31T15:41:48","guid":{"rendered":"http:\/\/portalcatolico.net\/portal\/?p=57494"},"modified":"2018-07-31T21:42:12","modified_gmt":"2018-08-01T00:42:12","slug":"papa-encontra-coroinhas-de-18-paises-e-responde-perguntas","status":"publish","type":"post","link":"http:\/\/portalcatolico.net\/portal\/papa-encontra-coroinhas-de-18-paises-e-responde-perguntas\/","title":{"rendered":"Papa encontra coroinhas de 18 pa\u00edses e responde perguntas"},"content":{"rendered":"<div class=\"article__subTitle\">&#8220;A f\u00e9 \u00e9 essencial, me faz viver. Eu diria que a f\u00e9 \u00e9 como o ar que respiramos. N\u00e3o pensamos, a cada respiro, em quanto necess\u00e1rio seja o ar, mas quando falta ou n\u00e3o est\u00e1 limpo, reparamos o quanto \u00e9 importante! &#8220;<\/div>\n<div class=\"article__text\">\n<p>Realiza-se em Roma a 12\u00aa Peregrina\u00e7\u00e3o Internacional dos Ministrantes que teve in\u00edcio no dia 30 de julho e se conclui no dia 3 de agosto, organizada pela&nbsp;<i>Coetus Internationalis Ministrantium&nbsp;<\/i>(CIM).<\/p>\n<p>S\u00e3o mais de 80 mil jovens e adolescentes provenientes de pa\u00edses europeus como It\u00e1lia, Fran\u00e7a, B\u00e9lgica, Cro\u00e1cia, Luxemburgo, \u00c1ustria, Portugal, Rom\u00eania, Su\u00ed\u00e7a, S\u00e9rvia, Eslov\u00e1quia, Rep\u00fablica Tcheca, Ucr\u00e2nia, Hungria, Pol\u00f4nia, mas tamb\u00e9m dos Estados Unidos, Antigua e Barbuda. &#8220;<i>Busca a paz e vai ao seu encal\u00e7o<\/i>&#8220;(Salmo 33,15b) \u00e9 o lema escolhido para o evento que teve seu ponto alto com o encontro com o Papa Francisco na Pra\u00e7a S\u00e3o Pedro, no final da tarde desta ter\u00e7a-feira, 31 de julho.<\/p>\n<p>Queridos ministrantes, disse o Papa no in\u00edcio do encontro, &#8220;\u00e9 com muita alegria que vejo voc\u00eas t\u00e3o numerosos aqui na Pra\u00e7a S\u00e3o Pedro, enfeitada com as cores das suas bandeiras. Voc\u00eas me entregaram os sinais distintivos da sua peregrina\u00e7\u00e3o: obrigado de cora\u00e7\u00e3o! Sou peregrino como voc\u00eas, que vieram de muitos pa\u00edses do mundo. Estamos unidos na f\u00e9 em Jesus Cristo, estamos em caminho com Ele que \u00e9 nossa paz&#8221;. O Papa agradeceu ainda ao presidente da&nbsp;<i>Coetus Internationalis Ministrantium&nbsp;<\/i>(CIM), Dom Nemet, pela sauda\u00e7\u00e3o que lhe dirigiu em nome de todos os presentes. em seguida um momento de col\u00f3quio em forma de perguntas. Foram cinco perguntas em cinco l\u00ednguas diferentes.<\/p>\n<p><strong><i>[Primeira pergunta em l\u00edngua francesa]<\/i><\/strong><\/p>\n<p>Santo Padre, como coroinhas e tamb\u00e9m como crentes, damos a paz um ao outro, dando-nos o sinal de paz durante a Santa Missa. Como podemos contribuir a fazer sair essa paz tamb\u00e9m fora dos muros de nossas igrejas e sermos construtores de paz nas nossas fam\u00edlias, nos nossos pa\u00edses e no mundo?<\/p>\n<p><b>Resposta 1<\/b><\/p>\n<p>Obrigado! Voc\u00ea falou muito bem: a paz e a Santa Missa v\u00e3o juntas. Antes do sinal da paz, pedimos ao Senhor que d\u00ea paz e unidade \u00e0 comunidade da Igreja. A paz \u00e9 Seu dom que nos transforma, para que n\u00f3s, como membros do Seu corpo, possamos sentir os mesmos sentimentos de Jesus, possamos pensar como Ele pensa, amar como Ele ama. E ao t\u00e9rmino da Missa somos enviados com a palavra: \u201cIde em paz\u201d. O compromisso concreto em prol da paz \u00e9 a prova de que somos de verdade disc\u00edpulos de Jesus. A busca da paz come\u00e7a pelas pequenas coisas. Por exemplo, em casa, depois de uma briga entre irm\u00e3os eu me fecho em mim mesmo, se fazendo de ofendido, ou me esfor\u00e7o para dar um passo em dire\u00e7\u00e3o do outro? Estou pronto a me perguntar em cada situa\u00e7\u00e3o: \u201cO que Jesus faria no meu lugar?\u201d. Se fizermos isso e procurarmos p\u00f4r em pr\u00e1tica com firmeza, levaremos a paz de Cristo na vida de cada dia e seremos construtores e instrumentos de paz.<\/p>\n<p><strong><i>[Segunda pergunta em l\u00edngua portuguesa]<\/i><\/strong><\/p>\n<p>Santo Padre, somos ac\u00f3litos. Servimos o Senhor junto do altar e contemplamo-Lo na Eucaristia. Como poderemos viver a contempla\u00e7\u00e3o espiritual a exemplo de Maria e o servi\u00e7o pr\u00e1tico a exemplo de Marta, procurando reconhecer concretamente, na nossa vida, aquilo que Jesus quer de n\u00f3s?<\/p>\n<p><b>Resposta 2<\/b><\/p>\n<p>Como coroinhas, na verdade, voc\u00eas fazem a experi\u00eancia de Marta e Maria. \u00c9 bom se, al\u00e9m de seus turnos de servi\u00e7o lit\u00fargico, voc\u00eas sabem por um lado comprometer-se na vida paroquial e por outro lado ficar em sil\u00eancio na presen\u00e7a do Senhor. E assim, neste entrela\u00e7amento de a\u00e7\u00e3o e contempla\u00e7\u00e3o, tamb\u00e9m se reconhece o des\u00edgnio de Deus para n\u00f3s: pode-se ver quais s\u00e3o os talentos e os interesses que Deus coloca no nosso cora\u00e7\u00e3o e como desenvolv\u00ea-los; mas sobretudo, n\u00f3s nos colocamos humildemente diante de Deus, assim como n\u00f3s somos, com nossas qualidades e nossos limites, pedindo-Lhe como melhor servir Ele e nosso pr\u00f3ximo. E n\u00e3o tenham medo de pedir um bom conselho sempre que voc\u00eas se perguntarem como poder servir Deus e as pessoas que precisam de ajuda no mundo. Lembrem-se de que, quanto mais voc\u00eas se doarem aos outros, tanto mais v\u00e3o receber em plenitude voc\u00eas mesmos e v\u00e3o ficar felizes!<\/p>\n<p><strong><i>[Terceira pergunta em l\u00edngua inglesa]<\/i><\/strong><\/p>\n<p>[Santo Padre, sendo coroinhas, entristece-nos ver poucos coet\u00e2neos que participam da Santa Missa e da vida paroquial. A Igreja, em alguns pa\u00edses, est\u00e1 perdendo rapidamente, por diferentes raz\u00f5es, muitos jovens. Como podemos n\u00f3s e nossas comunidades alcan\u00e7ar essas pessoas e traz\u00ea-las de volta a Cristo e \u00e0 fam\u00edlia da Igreja?<\/p>\n<p><b>Resposta 3<\/b><\/p>\n<p>Hoje voc\u00eas, como jovens, podem ser ap\u00f3stolos que sabem atrair os outros a Jesus.&nbsp; Isso vai acontecer se voc\u00eas estiverem cheios de entusiasmo por Ele, se voc\u00eas j\u00e1 encontraram e conheceram Ele pessoalmente e foram, voc\u00eas por primeiros,&nbsp; \u201cconquistados\u201d por Ele. Por isso eu lhes digo: procurem conhecer e amar cada vez mais o Senhor Jesus, encontrando-O na ora\u00e7\u00e3o, na Missa, na leitura do Evangelho, no rosto dos pequenos e dos pobres. E procurem ser amigos, com gratuidade, de quem est\u00e1 ao seu redor, para que um raio da luz de Jesus possa chegar at\u00e9 ele atrav\u00e9s do cora\u00e7\u00e3o de voc\u00eas apaixonado por Ele. N\u00e3o s\u00e3o necess\u00e1rias muitas palavras, s\u00e3o mais importantes os fatos, a proximidade, o servi\u00e7o. Os jovens \u2013 como todos, na realidade&nbsp; \u2013 precisam de amigos que deem o bom exemplo, que fa\u00e7am sem pretender, sem esperar algo em troca. E deste modo voc\u00eas tamb\u00e9m fazem sentir como \u00e9 bonita a comunidade dos crentes, pois o Senhor habita entre eles, como \u00e9 bom fazer parte da fam\u00edlia da Igreja.<\/p>\n<p><strong><i>[Quarta pergunta em l\u00edngua alem\u00e3]<\/i><\/strong><\/p>\n<p>[Santo Padre, muitas pessoas dizem que n\u00e3o precisam de Deus, da religi\u00e3o e da Igreja em suas vidas. Por que algu\u00e9m deveria decidir precisamente pela f\u00e9 cat\u00f3lica? Qual \u00e9 a coisa mais importante? E por que a f\u00e9 \u00e9 t\u00e3o importante para o senhor?]<\/p>\n<p><b>Resposta 4<\/b><\/p>\n<p>A f\u00e9 \u00e9 essencial, me faz viver. Eu diria que a f\u00e9 \u00e9 como o ar que respiramos. N\u00e3o pensamos, a cada respiro, em quanto necess\u00e1rio seja o ar, mas quando falta ou n\u00e3o est\u00e1 limpo, reparamos o quanto \u00e9 importante! A f\u00e9 nos ajuda a entender o sentido da vida: existe algu\u00e9m que nos ama infinitamente, e este algu\u00e9m \u00e9 Deus. Podemos reconhecer Deus como nosso criador e salvador; amar Deus e acolher a nossa vida como um dom Seu. Deus quer entrar em um relacionamento vital conosco; quer criar rela\u00e7\u00f5es e n\u00f3s somos chamados a fazer a mesma coisa. N\u00e3o podemos acreditar em Deus e pensar que somos filhos \u00fanicos! Todos somos filhos de Deus. Somos chamados a formar a fam\u00edlia de Deus, ou seja a Igreja, a comunidade de irm\u00e3os e irm\u00e3s em Cristo \u2013 somos \u00ab familiares de Deus\u00bb como diz S\u00e3o Paulo (<i>Ef<\/i>&nbsp;2,19). E nesta fam\u00edlia da Igreja o Senhor alimenta seus filhos com Sua Palavra e Seus Sacramentos.<i><\/i><\/p>\n<p><strong><i>[Quinta pergunta em l\u00edngua h\u00fangara]<\/i><\/strong><\/p>\n<p>[Santo Padre, nosso servi\u00e7o de coroinhas \u00e9 bonito, gostamos muito. Queremos servir ao Senhor e ao pr\u00f3ximo. Mas fazer o bem nem sempre \u00e9 f\u00e1cil, ainda n\u00e3o somos santos. Como podemos traduzir nosso servi\u00e7o, na vida cotidiana, em obras concretas de caridade e em um caminho de santidade?]<\/p>\n<p><b>Resposta 5<\/b><\/p>\n<p>Sim, \u00e9 preciso esfor\u00e7o para fazer sempre o bem e nos tornarmos santos\u2026 Vejo que voc\u00eas coroinhas &nbsp;est\u00e3o comprometidos neste caminho. O Senhor Jesus nos deu um programa simples para caminharmos rumo \u00e0 santidade: o mandamento do amor de Deus e do pr\u00f3ximo. Procuremos estar bem enraizados na amizade com Deus, agradecidos pelo seu amor e desejosos de servi-Lo em tudo, e assim n\u00e3o podemos fazer outra coisa sen\u00e3o compartilhar o dom do Seu amor com os outros. E para concretizarmos o mandamento do amor, Jesus nos indicou as obras de miseric\u00f3rdia. Elas s\u00e3o um caminho desafiador, mas ao alcance de todos. \u00c9 suficiente que cada um de n\u00f3s comece a se perguntar: \u201cO que eu posso fazer hoje para ir ao encontro das necessidades do meu pr\u00f3ximo?\u201d. E n\u00e3o importa se seja amigo ou desconhecido, co-nacional ou estrangeiro. Acreditem, assim fazendo voc\u00eas podem se tornar verdadeiramente santos, homens e mulheres que transformam o mundo vivendo o amor de Cristo.<\/p>\n<p><strong>Obrigado por este col\u00f3quio, disse o Papa!<\/strong><\/p>\n<p><b>O encontro prosseguiu com um momento lit\u00fargico &#8211; uma breve liturgia da Palavra, na qual o Santo Padre em sua homilia dirigiu as seguintes palavras aos presentes:<\/b><\/p>\n<p>\u201c<i>Fa\u00e7am tudo para a gl\u00f3ria de Deus<\/i>\u201d: com estas palavras S\u00e3o Paulo nos exorta \u00e0 leitura que ouvimos. Servir a gl\u00f3ria de Deus em todas as coisas que fazemos \u00e9 o crit\u00e9rio decisivo para o nosso agir, a m\u00e1xima s\u00edntese do que significa viver a amizade com Jesus. \u00c9 a indica\u00e7\u00e3o que nos orienta quando n\u00e3o temos certeza do que seja certo fazer, ajuda-nos a reconhecer a voz de Deus dentro de n\u00f3s, que nos fala \u00e0 consci\u00eancia para que possamos discernir a sua vontade. A gl\u00f3ria de Deus \u00e9 a agulha da b\u00fassola da nossa consci\u00eancia.<\/p>\n<p>S\u00e3o Paulo fala-nos tamb\u00e9m de um outro crit\u00e9rio: esfor\u00e7ar-se&nbsp;<i>por agradar em tudo a todos, a fim de que sejam salvos<\/i>.<\/p>\n<p>Somos todos filhos de Deus, temos os mesmos desejos, sonhos e ideais. Algumas vezes alguns ficam desiludidos, e somos n\u00f3s que devemos reacender a luz, transmitir um pouco de bom humor. Fazendo assim, \u00e9 mais f\u00e1cil conviver e testemunhar na vida de todos os dias o amor de Deus e a gl\u00f3ria da f\u00e9. Depende da nossa coer\u00eancia que nossos irm\u00e3os reconhe\u00e7am Jesus Cristo, como \u00fanico salvador e a esperan\u00e7a do mundo.<\/p>\n<p>Talvez voc\u00eas se perguntem: \u201cComo eu posso fazer? N\u00e3o \u00e9 um dever dif\u00edcil demais?\u201d \u00c9 verdade, \u00e9 uma miss\u00e3o grande, mas poss\u00edvel. S\u00e3o Paulo nos encoraja mais uma vez: \u201c<i>Tornai-vos os meus imitadores, como eu o sou de Cristo<\/i>\u201d. Sim, podemos viver esta miss\u00e3o imitando Jesus como fez o ap\u00f3stolo Paulo e todos os santos. Olhemos para os santos, que s\u00e3o o Evangelho vivido, porque souberam traduzir a mensagem de Cristo na pr\u00f3pria vida.<\/p>\n<p>O santo de hoje, In\u00e1cio de Loyola, quando era um jovem soldado pensava na sua pr\u00f3pria gl\u00f3ria, depois, em um bom momento da sua vida foi atra\u00eddo pela gl\u00f3ria de Deus, e descobriu que ali encontra-se o sentido da vida. Sejamos imitadores dos santos, fa\u00e7amos tudo pela gl\u00f3ria de Deus e pela salva\u00e7\u00e3o dos irm\u00e3os, concluiu o Papa Francisco.<\/p>\n<p>Fonte: Vatican News<\/p>\n<\/div>\n","protected":false},"excerpt":{"rendered":"<p>&#8220;A f\u00e9 \u00e9 essencial, me faz viver. Eu diria que a f\u00e9 \u00e9 como o ar que respiramos. N\u00e3o pensamos, a cada respiro, em quanto necess\u00e1rio seja o ar, mas quando falta ou n\u00e3o est\u00e1 limpo, reparamos o quanto \u00e9 importante! &#8220; Realiza-se em Roma a 12\u00aa Peregrina\u00e7\u00e3o Internacional dos Ministrantes que teve in\u00edcio no&nbsp;<\/p>\n<p><a class=\"btn btn-style\" href=\"http:\/\/portalcatolico.net\/portal\/papa-encontra-coroinhas-de-18-paises-e-responde-perguntas\/\">Continue Reading<\/a><\/p>\n","protected":false},"author":2,"featured_media":57495,"comment_status":"open","ping_status":"open","sticky":false,"template":"","format":"standard","meta":{"footnotes":""},"categories":[5],"tags":[],"class_list":["post-57494","post","type-post","status-publish","format-standard","has-post-thumbnail","hentry","category-igreja_no_mundo"],"_links":{"self":[{"href":"http:\/\/portalcatolico.net\/portal\/wp-json\/wp\/v2\/posts\/57494","targetHints":{"allow":["GET"]}}],"collection":[{"href":"http:\/\/portalcatolico.net\/portal\/wp-json\/wp\/v2\/posts"}],"about":[{"href":"http:\/\/portalcatolico.net\/portal\/wp-json\/wp\/v2\/types\/post"}],"author":[{"embeddable":true,"href":"http:\/\/portalcatolico.net\/portal\/wp-json\/wp\/v2\/users\/2"}],"replies":[{"embeddable":true,"href":"http:\/\/portalcatolico.net\/portal\/wp-json\/wp\/v2\/comments?post=57494"}],"version-history":[{"count":1,"href":"http:\/\/portalcatolico.net\/portal\/wp-json\/wp\/v2\/posts\/57494\/revisions"}],"predecessor-version":[{"id":57496,"href":"http:\/\/portalcatolico.net\/portal\/wp-json\/wp\/v2\/posts\/57494\/revisions\/57496"}],"wp:featuredmedia":[{"embeddable":true,"href":"http:\/\/portalcatolico.net\/portal\/wp-json\/wp\/v2\/media\/57495"}],"wp:attachment":[{"href":"http:\/\/portalcatolico.net\/portal\/wp-json\/wp\/v2\/media?parent=57494"}],"wp:term":[{"taxonomy":"category","embeddable":true,"href":"http:\/\/portalcatolico.net\/portal\/wp-json\/wp\/v2\/categories?post=57494"},{"taxonomy":"post_tag","embeddable":true,"href":"http:\/\/portalcatolico.net\/portal\/wp-json\/wp\/v2\/tags?post=57494"}],"curies":[{"name":"wp","href":"https:\/\/api.w.org\/{rel}","templated":true}]}}