{"id":57488,"date":"2018-07-31T21:37:03","date_gmt":"2018-08-01T00:37:03","guid":{"rendered":"http:\/\/portalcatolico.net\/portal\/?p=57488"},"modified":"2018-07-31T21:37:32","modified_gmt":"2018-08-01T00:37:32","slug":"ja-comecou-o-novenario-do-senhor-bom-jesus-da-lapa-acompanhe","status":"publish","type":"post","link":"http:\/\/portalcatolico.net\/portal\/ja-comecou-o-novenario-do-senhor-bom-jesus-da-lapa-acompanhe\/","title":{"rendered":"J\u00e1 come\u00e7ou o Noven\u00e1rio do Senhor Bom Jesus da Lapa. Acompanhe!"},"content":{"rendered":"<p style=\"font-weight: 400;\">O Noven\u00e1rio do Senhor Bom Jesus da Lapa, no Oeste da Bahia, teve in\u00edcio&nbsp;no \u00faltimo&nbsp;s\u00e1bado, 28 de julho, e segue at\u00e9 o dia 05 de agosto, v\u00e9spera da festa do&nbsp;<br \/>\npadroeiro de Bom Jesus da Lapa e&nbsp; do Santu\u00e1rio de pedra e luz, que est\u00e1 completando 327 anos e atrai&nbsp;peregrinos de todo o Brasil e do exterior.<\/p>\n<p style=\"font-weight: 400;\">&nbsp;Nesta segunda-feira (30), a Celebra\u00e7\u00e3o&nbsp;Eucar\u00edstica teve in\u00edcio \u00e0s 19h e foi presidida por Dom Jo\u00e3o Cardoso dos&nbsp;Santos, Bispo da Diocese de Bom Jesus da Lapa e concelebrada por Dom&nbsp;Ceslau Stanula, bispo em\u00e9rito da diocese de Itabuna, e por &nbsp;Dom Vitor A. Menezes, al\u00e9m de padres da Diocese de Bom Jesus da Lapa&nbsp;e outras.<\/p>\n<p style=\"font-weight: 400;\">O subtema da 3\u00aa noite foi: &#8220;O Bom&nbsp;Jesus nos chama a ser semelhante a ele e imitar a miseric\u00f3rdia&#8221;.&nbsp;&nbsp;O&nbsp;convidado especial foi Dom Vitor Agnaldo de Menezes, bispo da Diocese de&nbsp;Propri\u00e1- Sergipe (SE). Na homilia, Dom Vitor disse: &#8220;Hoje n\u00f3s fomos chamados a refletir sobre algo de Deus, sobre a qualidade Dele, que sem d\u00favidas, na minha vida tem sido algo constante: a miseric\u00f3rdia. Deus \u00e9 miseric\u00f3rdia. Isso \u00e9 importante: fazer a experi\u00eancia de Deus, como um Deus misericordioso, amoroso, bondoso (&#8230;)&#8221;&nbsp;&nbsp;<img loading=\"lazy\" decoding=\"async\" class=\"wp-image-57490 aligncenter\" src=\"http:\/\/portalcatolico.net\/portal\/wp-content\/uploads\/2018\/07\/38218451_1849303451816989_8546720061291757568_n-300x178.jpg\" alt=\"\" width=\"713\" height=\"423\" srcset=\"http:\/\/portalcatolico.net\/portal\/wp-content\/uploads\/2018\/07\/38218451_1849303451816989_8546720061291757568_n-300x178.jpg 300w, http:\/\/portalcatolico.net\/portal\/wp-content\/uploads\/2018\/07\/38218451_1849303451816989_8546720061291757568_n-768x457.jpg 768w, http:\/\/portalcatolico.net\/portal\/wp-content\/uploads\/2018\/07\/38218451_1849303451816989_8546720061291757568_n.jpg 960w\" sizes=\"auto, (max-width: 713px) 100vw, 713px\" \/><\/p>\n<p style=\"font-weight: 400;\">Sendo realizada h\u00e1 mais de tr\u00eas s\u00e9culos, a 327\u00aa Romaria do Bom&nbsp;Jesus), atualmente incentivada pelas Autoridades&nbsp;Governamentais da Bahia e \u00e9 reconhecida como a terceira mais movimentada&nbsp;romaria do Brasil. O munic\u00edpio acolhe a cada ano aproximadamente 1,8&nbsp;milh\u00f5es de peregrinos vindos de v\u00e1rias partes do pa\u00eds, como Paran\u00e1, S\u00e3o&nbsp;Paulo, Minas Gerais, Goi\u00e1s, Sergipe, Esp\u00edrito Santo, entre outras.<\/p>\n<p style=\"font-weight: 400;\">Bom Jesus da Lapa fica h\u00e1 aproximadamente 800 km de Salvador e \u00e9&nbsp;&nbsp;considerada como a Capital Baiana da F\u00e9. A Romaria tem como&nbsp; tema&nbsp;&#8220;Como disc\u00edpulos do Bom Jesus, crist\u00e3os leigos e leigas, mission\u00e1rios&nbsp;comprometidos com a igreja em sa\u00edda&#8221;.<\/p>\n<p><img loading=\"lazy\" decoding=\"async\" class=\"wp-image-57491 aligncenter\" src=\"http:\/\/portalcatolico.net\/portal\/wp-content\/uploads\/2018\/07\/37999998_876474855882426_4699441554723438592_n-300x168.jpg\" alt=\"\" width=\"714\" height=\"400\" srcset=\"http:\/\/portalcatolico.net\/portal\/wp-content\/uploads\/2018\/07\/37999998_876474855882426_4699441554723438592_n-300x168.jpg 300w, http:\/\/portalcatolico.net\/portal\/wp-content\/uploads\/2018\/07\/37999998_876474855882426_4699441554723438592_n-768x430.jpg 768w, http:\/\/portalcatolico.net\/portal\/wp-content\/uploads\/2018\/07\/37999998_876474855882426_4699441554723438592_n.jpg 960w\" sizes=\"auto, (max-width: 714px) 100vw, 714px\" \/><\/p>\n<p><img loading=\"lazy\" decoding=\"async\" class=\"wp-image-57492 aligncenter\" src=\"http:\/\/portalcatolico.net\/portal\/wp-content\/uploads\/2018\/07\/37969517_876476392548939_7630483209251192832_n-300x186.jpg\" alt=\"\" width=\"721\" height=\"447\" srcset=\"http:\/\/portalcatolico.net\/portal\/wp-content\/uploads\/2018\/07\/37969517_876476392548939_7630483209251192832_n-300x186.jpg 300w, http:\/\/portalcatolico.net\/portal\/wp-content\/uploads\/2018\/07\/37969517_876476392548939_7630483209251192832_n-768x476.jpg 768w, http:\/\/portalcatolico.net\/portal\/wp-content\/uploads\/2018\/07\/37969517_876476392548939_7630483209251192832_n.jpg 960w\" sizes=\"auto, (max-width: 721px) 100vw, 721px\" \/><\/p>\n<p style=\"font-weight: 400;\">Fotos: Uelder Negr\u00e3o<\/p>\n<p>&nbsp;<\/p>\n<p>&nbsp;<\/p>\n","protected":false},"excerpt":{"rendered":"<p>O Noven\u00e1rio do Senhor Bom Jesus da Lapa, no Oeste da Bahia, teve in\u00edcio&nbsp;no \u00faltimo&nbsp;s\u00e1bado, 28 de julho, e segue at\u00e9 o dia 05 de agosto, v\u00e9spera da festa do&nbsp; padroeiro de Bom Jesus da Lapa e&nbsp; do Santu\u00e1rio de pedra e luz, que est\u00e1 completando 327 anos e atrai&nbsp;peregrinos de todo o Brasil e&nbsp;<\/p>\n<p><a class=\"btn btn-style\" href=\"http:\/\/portalcatolico.net\/portal\/ja-comecou-o-novenario-do-senhor-bom-jesus-da-lapa-acompanhe\/\">Continue Reading<\/a><\/p>\n","protected":false},"author":2,"featured_media":57489,"comment_status":"open","ping_status":"open","sticky":false,"template":"","format":"standard","meta":{"footnotes":""},"categories":[68],"tags":[],"class_list":["post-57488","post","type-post","status-publish","format-standard","has-post-thumbnail","hentry","category-homilias"],"_links":{"self":[{"href":"http:\/\/portalcatolico.net\/portal\/wp-json\/wp\/v2\/posts\/57488","targetHints":{"allow":["GET"]}}],"collection":[{"href":"http:\/\/portalcatolico.net\/portal\/wp-json\/wp\/v2\/posts"}],"about":[{"href":"http:\/\/portalcatolico.net\/portal\/wp-json\/wp\/v2\/types\/post"}],"author":[{"embeddable":true,"href":"http:\/\/portalcatolico.net\/portal\/wp-json\/wp\/v2\/users\/2"}],"replies":[{"embeddable":true,"href":"http:\/\/portalcatolico.net\/portal\/wp-json\/wp\/v2\/comments?post=57488"}],"version-history":[{"count":1,"href":"http:\/\/portalcatolico.net\/portal\/wp-json\/wp\/v2\/posts\/57488\/revisions"}],"predecessor-version":[{"id":57493,"href":"http:\/\/portalcatolico.net\/portal\/wp-json\/wp\/v2\/posts\/57488\/revisions\/57493"}],"wp:featuredmedia":[{"embeddable":true,"href":"http:\/\/portalcatolico.net\/portal\/wp-json\/wp\/v2\/media\/57489"}],"wp:attachment":[{"href":"http:\/\/portalcatolico.net\/portal\/wp-json\/wp\/v2\/media?parent=57488"}],"wp:term":[{"taxonomy":"category","embeddable":true,"href":"http:\/\/portalcatolico.net\/portal\/wp-json\/wp\/v2\/categories?post=57488"},{"taxonomy":"post_tag","embeddable":true,"href":"http:\/\/portalcatolico.net\/portal\/wp-json\/wp\/v2\/tags?post=57488"}],"curies":[{"name":"wp","href":"https:\/\/api.w.org\/{rel}","templated":true}]}}