{"id":57482,"date":"2018-07-30T21:43:04","date_gmt":"2018-07-31T00:43:04","guid":{"rendered":"http:\/\/portalcatolico.net\/portal\/?p=57482"},"modified":"2018-07-30T21:43:22","modified_gmt":"2018-07-31T00:43:22","slug":"diocese-de-itabuna-realiza-formacao-e-curso-para-ministros-da-comunhao","status":"publish","type":"post","link":"http:\/\/portalcatolico.net\/portal\/diocese-de-itabuna-realiza-formacao-e-curso-para-ministros-da-comunhao\/","title":{"rendered":"Diocese de Itabuna realiza Forma\u00e7\u00e3o e Curso para Ministros da Comunh\u00e3o"},"content":{"rendered":"<p style=\"font-weight: 400;\">Nos dias 21 e 22 de julho, foram realizadas a Forma\u00e7\u00e3o&nbsp;para os membros da Faronia Centro, que comp\u00f5e as 14 par\u00f3quias de&nbsp;Itabuna. Neste final de semana, 28 e 29&nbsp;de julho, a Forma\u00e7\u00e3o aconteceu&nbsp;para&nbsp;os membros da Faronia Norte, que comp\u00f5e&nbsp;oito par\u00f3quias no interior.<\/p>\n<p style=\"font-weight: 400;\">As&nbsp;forma\u00e7\u00f5es est\u00e3o sendo realizadas no Centro Pastoral Diocesano, (situada&nbsp;no bairro Jardim Vit\u00f3ria em Itabuna), por padres, di\u00e1conos e pelo Bispo Dom&nbsp;Carlos Alberto dos Santos.<\/p>\n<p style=\"font-weight: 400;\">&#8220;A nossa Diocese est\u00e1 tentando se organizar em alguns sentidos. Vejo que os nossos Ministros precisam ter tempo determinado, conforme a Igreja coloca, que s\u00e3o de dois anos, e por outro lado, forma\u00e7\u00e3o \u00fanica para todos (o que um falar, todos dever\u00e3o falar), ou seja, a forma\u00e7\u00e3o que um tiver, todos dever\u00e3o ter. Estamos praticamente com duzentos ministros novos em nossa Diocese&#8221;, disse Dom Carlos.<\/p>\n<p style=\"font-weight: 400;\">Os Ministros Extraordin\u00e1rios da Sagrada Comunh\u00e3o (MESC)&nbsp;s\u00e3o os fieis leigos que de forma tempor\u00e1ria ou permanente, distribuem a&nbsp;comunh\u00e3o&nbsp;aos fi\u00e9is, na&nbsp;missa&nbsp;ou noutras circunst\u00e2ncias, quando n\u00e3o h\u00e1 um ministro ordenado (bispo,&nbsp;presb\u00edtero&nbsp;ou&nbsp;di\u00e1cono) que o possa fazer.<\/p>\n<p style=\"font-weight: 400;\">Chamam-se&nbsp;extraordin\u00e1rios&nbsp;porque s\u00f3 devem exercer o seu minist\u00e9rio em caso de necessidade, e porque os ministros ordin\u00e1rios (isto \u00e9, habituais) da comunh\u00e3o s\u00e3o apenas os fi\u00e9is que receberam o&nbsp;sacramento da ordem. Na verdade, \u00e9 a estes que compete, por direito, distribuir a comunh\u00e3o. Por esse motivo, o nome desta fun\u00e7\u00e3o \u00e9 ministro extraordin\u00e1rio&nbsp;da comunh\u00e3o, e n\u00e3o&nbsp;da&nbsp;Eucaristia, visto que apenas os sacerdotes s\u00e3o ministros da Eucaristia, e a fun\u00e7\u00e3o dos ministros extraordin\u00e1rios da comunh\u00e3o exerce-se apenas na sua distribui\u00e7\u00e3o.<\/p>\n<p><img loading=\"lazy\" decoding=\"async\" class=\"alignnone size-medium wp-image-57484\" src=\"http:\/\/portalcatolico.net\/portal\/wp-content\/uploads\/2018\/07\/37982899_923021857900437_6814412132788994048_n-300x200.jpg\" alt=\"\" width=\"300\" height=\"200\" srcset=\"http:\/\/portalcatolico.net\/portal\/wp-content\/uploads\/2018\/07\/37982899_923021857900437_6814412132788994048_n-300x200.jpg 300w, http:\/\/portalcatolico.net\/portal\/wp-content\/uploads\/2018\/07\/37982899_923021857900437_6814412132788994048_n-768x512.jpg 768w, http:\/\/portalcatolico.net\/portal\/wp-content\/uploads\/2018\/07\/37982899_923021857900437_6814412132788994048_n.jpg 960w\" sizes=\"auto, (max-width: 300px) 100vw, 300px\" \/> <img loading=\"lazy\" decoding=\"async\" class=\"alignnone size-medium wp-image-57485\" src=\"http:\/\/portalcatolico.net\/portal\/wp-content\/uploads\/2018\/07\/38168683_923020981233858_7551828416597590016_n-300x200.jpg\" alt=\"\" width=\"300\" height=\"200\" srcset=\"http:\/\/portalcatolico.net\/portal\/wp-content\/uploads\/2018\/07\/38168683_923020981233858_7551828416597590016_n-300x200.jpg 300w, http:\/\/portalcatolico.net\/portal\/wp-content\/uploads\/2018\/07\/38168683_923020981233858_7551828416597590016_n-768x512.jpg 768w, http:\/\/portalcatolico.net\/portal\/wp-content\/uploads\/2018\/07\/38168683_923020981233858_7551828416597590016_n.jpg 960w\" sizes=\"auto, (max-width: 300px) 100vw, 300px\" \/><\/p>\n","protected":false},"excerpt":{"rendered":"<p>Nos dias 21 e 22 de julho, foram realizadas a Forma\u00e7\u00e3o&nbsp;para os membros da Faronia Centro, que comp\u00f5e as 14 par\u00f3quias de&nbsp;Itabuna. Neste final de semana, 28 e 29&nbsp;de julho, a Forma\u00e7\u00e3o aconteceu&nbsp;para&nbsp;os membros da Faronia Norte, que comp\u00f5e&nbsp;oito par\u00f3quias no interior. As&nbsp;forma\u00e7\u00f5es est\u00e3o sendo realizadas no Centro Pastoral Diocesano, (situada&nbsp;no bairro Jardim Vit\u00f3ria em&nbsp;<\/p>\n<p><a class=\"btn btn-style\" href=\"http:\/\/portalcatolico.net\/portal\/diocese-de-itabuna-realiza-formacao-e-curso-para-ministros-da-comunhao\/\">Continue Reading<\/a><\/p>\n","protected":false},"author":2,"featured_media":57483,"comment_status":"open","ping_status":"open","sticky":false,"template":"","format":"standard","meta":{"footnotes":""},"categories":[65],"tags":[],"class_list":["post-57482","post","type-post","status-publish","format-standard","has-post-thumbnail","hentry","category-entrevistas"],"_links":{"self":[{"href":"http:\/\/portalcatolico.net\/portal\/wp-json\/wp\/v2\/posts\/57482","targetHints":{"allow":["GET"]}}],"collection":[{"href":"http:\/\/portalcatolico.net\/portal\/wp-json\/wp\/v2\/posts"}],"about":[{"href":"http:\/\/portalcatolico.net\/portal\/wp-json\/wp\/v2\/types\/post"}],"author":[{"embeddable":true,"href":"http:\/\/portalcatolico.net\/portal\/wp-json\/wp\/v2\/users\/2"}],"replies":[{"embeddable":true,"href":"http:\/\/portalcatolico.net\/portal\/wp-json\/wp\/v2\/comments?post=57482"}],"version-history":[{"count":2,"href":"http:\/\/portalcatolico.net\/portal\/wp-json\/wp\/v2\/posts\/57482\/revisions"}],"predecessor-version":[{"id":57487,"href":"http:\/\/portalcatolico.net\/portal\/wp-json\/wp\/v2\/posts\/57482\/revisions\/57487"}],"wp:featuredmedia":[{"embeddable":true,"href":"http:\/\/portalcatolico.net\/portal\/wp-json\/wp\/v2\/media\/57483"}],"wp:attachment":[{"href":"http:\/\/portalcatolico.net\/portal\/wp-json\/wp\/v2\/media?parent=57482"}],"wp:term":[{"taxonomy":"category","embeddable":true,"href":"http:\/\/portalcatolico.net\/portal\/wp-json\/wp\/v2\/categories?post=57482"},{"taxonomy":"post_tag","embeddable":true,"href":"http:\/\/portalcatolico.net\/portal\/wp-json\/wp\/v2\/tags?post=57482"}],"curies":[{"name":"wp","href":"https:\/\/api.w.org\/{rel}","templated":true}]}}