{"id":57476,"date":"2018-07-31T00:10:35","date_gmt":"2018-07-31T03:10:35","guid":{"rendered":"http:\/\/portalcatolico.net\/portal\/?p=57476"},"modified":"2018-07-30T18:11:30","modified_gmt":"2018-07-30T21:11:30","slug":"na-praca-com-maria-promove-cultura-e-comunhao","status":"publish","type":"post","link":"http:\/\/portalcatolico.net\/portal\/na-praca-com-maria-promove-cultura-e-comunhao\/","title":{"rendered":"\u201cNa pra\u00e7a com Maria\u201d promove cultura e comunh\u00e3o"},"content":{"rendered":"<p><em>Projeto organizado pela Par\u00f3quia Nossa Senhora da Assun\u00e7\u00e3o tem como objetivo arrecadar recursos para projetos sociais voltados \u00e0 terceira idade e para a constru\u00e7\u00e3o de centro comunit\u00e1rio<\/em><\/p>\n<p>De 31 de agosto a 02 de setembro, a Par\u00f3quia Nossa Senhora da Assun\u00e7\u00e3o promove o \u201cNa pra\u00e7a com Maria\u201d, um evento cultural e social para integrar a comunidade paroquial, familiares e o p\u00fablico em geral. A atividade faz parte do projeto que leva o mesmo nome e tem como objetivo arrecadar recursos para obras na par\u00f3quia e para o desenvolvimento de programas sociais.<\/p>\n<p>Durante os tr\u00eas dias a Pra\u00e7a Nossa Senhora da Assun\u00e7\u00e3o ser\u00e1 palco de diversas atra\u00e7\u00f5es musicais, del\u00edcias gastron\u00f4micas, atividades de recrea\u00e7\u00e3o e lazer para crian\u00e7as e, acima de tudo, cultura e comunh\u00e3o. Totalmente beneficente, o evento vai contar com a colabora\u00e7\u00e3o de volunt\u00e1rios que servir\u00e3o em 12 barracas e 08 boxes de comidas t\u00edpicas de diversos pa\u00edses e regi\u00f5es do Brasil. O ingresso custa R$ 10 e j\u00e1 pode ser adquirido pelos sites da Ticketmix, Safeticket, na pr\u00f3pria par\u00f3quia e com paroquianos. Crian\u00e7as at\u00e9 10 anos n\u00e3o pagam.<\/p>\n<p>Metade da renda do evento ser\u00e1 destinada a continuidade da amplia\u00e7\u00e3o do centro comunit\u00e1rio da par\u00f3quia. A outra metade vai especificamente para o desenvolvimento de programas e a\u00e7\u00f5es de qualidade de vida do p\u00fablico da terceira idade. \u201cConsiderando a eleva\u00e7\u00e3o da longevidade de homens e mulheres, o n\u00famero de idosos que vivem sozinhos, por exemplo, optamos por dar foco \u00e0s atividades que envolvem esse p\u00fablico. A nova motiva\u00e7\u00e3o para o conceito de ser Igreja que leva \u00e0 constru\u00e7\u00e3o de novas a\u00e7\u00f5es de evangeliza\u00e7\u00e3o prop\u00edcias \u00e0 realidade atual. Toda igreja est\u00e1 atenta a isso\u201d, explica Monsenhor Ademar Dantas, p\u00e1roco da comunidade.<\/p>\n<p style=\"text-align: center;\"><strong>Confira abaixo a programa\u00e7\u00e3o do evento:<\/strong><\/p>\n<p><strong>SEXTA \u2013 31\/08\/2018<\/strong><\/p>\n<p>18H \u2013 ABERTURA DOS PORT\u00d5ES<\/p>\n<p>19H \u2013 ABERTURA OFICAL \u2013 MONSENHOR ADEMAR DANTAS<\/p>\n<p>19H30 \u2013 BANDA ZEFA DI ZECA<\/p>\n<p>21H \u2013 LARISSA CARVALHO&nbsp;<\/p>\n<p>&nbsp;22H \u2013 ENCERRAMENTO DO DIA<\/p>\n<p><strong>S\u00c1BADO- 01\/09\/2018<\/strong><\/p>\n<p>-11H \u2013 ABERTURA PORT\u00d5ES<\/p>\n<p>&#8211; 13H \u2013 DJ FERNANDO<\/p>\n<p>&#8211; 15H \u2013 LEIDY ANIMA\u00c7\u00d5ES INFANTIS<\/p>\n<p>&#8211; 16H \u2013 BANDA CHAME GENTE&nbsp;<\/p>\n<p>&#8211; 17H30 \u2013 BANDA DUAS DOSES&nbsp;<\/p>\n<p>-19H- BANDA MARCATO&nbsp;<\/p>\n<p>&#8211; 20H30 \u2013 EBER LIMA E MIGUEL&nbsp;<\/p>\n<p>&#8211; 22H \u2013 BANDA PRA CASAR&nbsp;<\/p>\n<p>&#8211; 23H \u2013 ENCERRAMENTO DIA<\/p>\n<p><strong>DOMINGO \u2013 02\/09\/2018<\/strong><\/p>\n<p>&#8211; 11H \u2013 ABERTURA PORT\u00d5ES<\/p>\n<p>&#8211; 13H \u2013 FEIJ\u00c3O FRADINHO &#8211; CHORINHO&nbsp;<\/p>\n<p>&#8211; 14H &#8211;&nbsp; DJ FERNANDO<\/p>\n<p>&#8211; 15H \u2013 NICOL\u00c1S &#8211; THE VOICE KIDS<\/p>\n<p>&#8211; 16H \u2013 TIO PAULINHO<\/p>\n<p>&#8211; 17H \u2013 LET\u00b4S DANCE&nbsp;<\/p>\n<p>&#8211; 18H \u2013 CAVERN BEATLES<\/p>\n<p>&#8211; 19H \u2013 DURVAL LELYS<\/p>\n<p>&#8211; 20H \u2013 ENCERRAMENTO<\/p>\n<p>Assistente eclesi\u00e1stico: Padre Rosalvo Humildes<\/p>\n<p>Texto: Sara Gomes (Jornalista)<\/p>\n<p>Arquidiocese de Salvador<\/p>\n<p>&nbsp;<\/p>\n<p>&nbsp;<\/p>\n","protected":false},"excerpt":{"rendered":"<p>Projeto organizado pela Par\u00f3quia Nossa Senhora da Assun\u00e7\u00e3o tem como objetivo arrecadar recursos para projetos sociais voltados \u00e0 terceira idade e para a constru\u00e7\u00e3o de centro comunit\u00e1rio De 31 de agosto a 02 de setembro, a Par\u00f3quia Nossa Senhora da Assun\u00e7\u00e3o promove o \u201cNa pra\u00e7a com Maria\u201d, um evento cultural e social para integrar a&nbsp;<\/p>\n<p><a class=\"btn btn-style\" href=\"http:\/\/portalcatolico.net\/portal\/na-praca-com-maria-promove-cultura-e-comunhao\/\">Continue Reading<\/a><\/p>\n","protected":false},"author":2,"featured_media":57477,"comment_status":"open","ping_status":"open","sticky":false,"template":"","format":"standard","meta":{"footnotes":""},"categories":[1],"tags":[],"class_list":["post-57476","post","type-post","status-publish","format-standard","has-post-thumbnail","hentry","category-agenda"],"_links":{"self":[{"href":"http:\/\/portalcatolico.net\/portal\/wp-json\/wp\/v2\/posts\/57476","targetHints":{"allow":["GET"]}}],"collection":[{"href":"http:\/\/portalcatolico.net\/portal\/wp-json\/wp\/v2\/posts"}],"about":[{"href":"http:\/\/portalcatolico.net\/portal\/wp-json\/wp\/v2\/types\/post"}],"author":[{"embeddable":true,"href":"http:\/\/portalcatolico.net\/portal\/wp-json\/wp\/v2\/users\/2"}],"replies":[{"embeddable":true,"href":"http:\/\/portalcatolico.net\/portal\/wp-json\/wp\/v2\/comments?post=57476"}],"version-history":[{"count":2,"href":"http:\/\/portalcatolico.net\/portal\/wp-json\/wp\/v2\/posts\/57476\/revisions"}],"predecessor-version":[{"id":57479,"href":"http:\/\/portalcatolico.net\/portal\/wp-json\/wp\/v2\/posts\/57476\/revisions\/57479"}],"wp:featuredmedia":[{"embeddable":true,"href":"http:\/\/portalcatolico.net\/portal\/wp-json\/wp\/v2\/media\/57477"}],"wp:attachment":[{"href":"http:\/\/portalcatolico.net\/portal\/wp-json\/wp\/v2\/media?parent=57476"}],"wp:term":[{"taxonomy":"category","embeddable":true,"href":"http:\/\/portalcatolico.net\/portal\/wp-json\/wp\/v2\/categories?post=57476"},{"taxonomy":"post_tag","embeddable":true,"href":"http:\/\/portalcatolico.net\/portal\/wp-json\/wp\/v2\/tags?post=57476"}],"curies":[{"name":"wp","href":"https:\/\/api.w.org\/{rel}","templated":true}]}}