{"id":57473,"date":"2018-07-30T20:59:59","date_gmt":"2018-07-30T23:59:59","guid":{"rendered":"http:\/\/portalcatolico.net\/portal\/?p=57473"},"modified":"2018-08-01T20:34:57","modified_gmt":"2018-08-01T23:34:57","slug":"encontro-de-casais-com-cristo-e-realizado-em-itabuna","status":"publish","type":"post","link":"http:\/\/portalcatolico.net\/portal\/encontro-de-casais-com-cristo-e-realizado-em-itabuna\/","title":{"rendered":"Encontro de Casais com Cristo \u00e9 realizado em Itabuna"},"content":{"rendered":"<p style=\"font-weight: 400;\">Aconteceu nos dias 20,21 e 22 de&nbsp;julho, na par\u00f3quia Santa Rita de c\u00e1ssia em Itabuna (BA), a XXIII edi\u00e7\u00e3o&nbsp;do Encontro de Casais com Cristo (ECC), na Par\u00f3quia Santa Rita de C\u00e1ssia, na&nbsp;Diocese de Itabuna, no Sul da Bahia. O evento teve o intuito de envolver casais e formar lideran\u00e7as para atuar nas&nbsp;diversas pastorais existentes na Par\u00f3quia de Santa Rita.<\/p>\n<p style=\"font-weight: 400;\">O ECC teve como tema: &#8220;Crist\u00e3os leigos,&nbsp;chamados a ser mission\u00e1rios na fam\u00edlia e no mundo&#8221;&nbsp;e o lema foi: &#8220;Sejam&nbsp;luz para todos que est\u00e3o em sua casa&#8221;.<\/p>\n<p style=\"font-weight: 400;\">Neste domingo (29), na santa missa das 19h, o G5 e p\u00e1roco da Igreja&nbsp;Matriz de Santa Rita de C\u00e1ssia, o Pe. Frei Jos\u00e9 Genilton Castro,&nbsp;apresentou os vinte e quatro casais para os paroquianos e devotos de&nbsp;Santa Rita de C\u00e1ssia, no final da celebra\u00e7\u00e3o.<\/p>\n<p style=\"font-weight: 400;\">O sacerdote rezou com os&nbsp;fieis uma ave-maria e um pai-nosso para os casais.<br \/>\nO ECC \u00e9 um servi\u00e7o da Igreja, em favor&nbsp;da evangeliza\u00e7\u00e3o das fam\u00edlias. Procura construir o Reino de Deus, aqui e&nbsp;agora, a partir da fam\u00edlia, da comunidade paroquial, mostrando pistas&nbsp;para que os casais se reencontrem com eles mesmos, com os filhos, com a&nbsp; comunidade e, principalmente, com Cristo. Para isso, busca compreender o&nbsp;que \u00e9 &#8220;ser Igreja hoje&#8221; e seu compromisso com a dignidade da pessoa&nbsp;humana e com a Justi\u00e7a Social.<\/p>\n<p>&nbsp;<\/p>\n","protected":false},"excerpt":{"rendered":"<p>Aconteceu nos dias 20,21 e 22 de&nbsp;julho, na par\u00f3quia Santa Rita de c\u00e1ssia em Itabuna (BA), a XXIII edi\u00e7\u00e3o&nbsp;do Encontro de Casais com Cristo (ECC), na Par\u00f3quia Santa Rita de C\u00e1ssia, na&nbsp;Diocese de Itabuna, no Sul da Bahia. O evento teve o intuito de envolver casais e formar lideran\u00e7as para atuar nas&nbsp;diversas pastorais existentes na&nbsp;<\/p>\n<p><a class=\"btn btn-style\" href=\"http:\/\/portalcatolico.net\/portal\/encontro-de-casais-com-cristo-e-realizado-em-itabuna\/\">Continue Reading<\/a><\/p>\n","protected":false},"author":2,"featured_media":57480,"comment_status":"open","ping_status":"open","sticky":false,"template":"","format":"standard","meta":{"footnotes":""},"categories":[4],"tags":[],"class_list":["post-57473","post","type-post","status-publish","format-standard","has-post-thumbnail","hentry","category-destaques"],"_links":{"self":[{"href":"http:\/\/portalcatolico.net\/portal\/wp-json\/wp\/v2\/posts\/57473","targetHints":{"allow":["GET"]}}],"collection":[{"href":"http:\/\/portalcatolico.net\/portal\/wp-json\/wp\/v2\/posts"}],"about":[{"href":"http:\/\/portalcatolico.net\/portal\/wp-json\/wp\/v2\/types\/post"}],"author":[{"embeddable":true,"href":"http:\/\/portalcatolico.net\/portal\/wp-json\/wp\/v2\/users\/2"}],"replies":[{"embeddable":true,"href":"http:\/\/portalcatolico.net\/portal\/wp-json\/wp\/v2\/comments?post=57473"}],"version-history":[{"count":4,"href":"http:\/\/portalcatolico.net\/portal\/wp-json\/wp\/v2\/posts\/57473\/revisions"}],"predecessor-version":[{"id":57522,"href":"http:\/\/portalcatolico.net\/portal\/wp-json\/wp\/v2\/posts\/57473\/revisions\/57522"}],"wp:featuredmedia":[{"embeddable":true,"href":"http:\/\/portalcatolico.net\/portal\/wp-json\/wp\/v2\/media\/57480"}],"wp:attachment":[{"href":"http:\/\/portalcatolico.net\/portal\/wp-json\/wp\/v2\/media?parent=57473"}],"wp:term":[{"taxonomy":"category","embeddable":true,"href":"http:\/\/portalcatolico.net\/portal\/wp-json\/wp\/v2\/categories?post=57473"},{"taxonomy":"post_tag","embeddable":true,"href":"http:\/\/portalcatolico.net\/portal\/wp-json\/wp\/v2\/tags?post=57473"}],"curies":[{"name":"wp","href":"https:\/\/api.w.org\/{rel}","templated":true}]}}