{"id":57470,"date":"2018-07-30T19:52:16","date_gmt":"2018-07-30T22:52:16","guid":{"rendered":"http:\/\/portalcatolico.net\/portal\/?p=57470"},"modified":"2018-07-30T17:52:40","modified_gmt":"2018-07-30T20:52:40","slug":"mais-uma-edicao-do-edj-acontece-em-itabuna","status":"publish","type":"post","link":"http:\/\/portalcatolico.net\/portal\/mais-uma-edicao-do-edj-acontece-em-itabuna\/","title":{"rendered":"Mais uma edi\u00e7\u00e3o do EDJ acontece em Itabuna"},"content":{"rendered":"<p style=\"font-weight: 400;\">Entre os dias 28 e 29 de julho, foi realizado na Diocese de Itabuna (BA), um dos&nbsp; maiores&nbsp; encontros para a juventude: o EDJ (Encontro Diocesano de&nbsp;Jovens ), que foi organizado&nbsp; pelo Minist\u00e9rio&nbsp;Jovem da Renova\u00e7\u00e3o Carism\u00e1tica Cat\u00f3lica.<\/p>\n<p style=\"font-weight: 400;\">O EDJ re\u00fane centenas&nbsp; de&nbsp;&nbsp;jovens de v\u00e1rios grupos de ora\u00e7\u00e3o que comp\u00f5em as paroquias. O evento \u00e9 uma profunda experi\u00eancia com Deus, e \u00e9 composto de louvor, prega\u00e7\u00f5es, ora\u00e7\u00e3o, anima\u00e7\u00e3o, adora\u00e7\u00e3o&nbsp;ao Sant\u00edssimo&nbsp;Sacramento, missa&nbsp; e show.<\/p>\n<p style=\"font-weight: 400;\">O tema deste ano foi : &#8220;Ap\u00f3stolos e guardi\u00f5es da&nbsp;identidade&#8221;.<\/p>\n<p style=\"font-weight: 400;\">A VI edi\u00e7\u00e3o desse ano contou&nbsp; com presen\u00e7as de Bruno Luiz&nbsp;(do grupo de Ora\u00e7\u00e3o nova Alian\u00e7a da cidade de Camacan), Alexsandro&nbsp;Nonato (Presidente&nbsp; diocesano&nbsp; da RCC da Diocese de Itabuna), Tales&nbsp;Bispo (Coordenador Diocesano do Minist\u00e9rio Jovem) , Rafael Santana&nbsp;(Fundador do MEFA), membros do MEFA-Minist\u00e9rio&nbsp; Eucar\u00edstico Fogo no&nbsp;Altar, al\u00e9m das presen\u00e7as de padres Diocesano e seminaristas.<\/p>\n<p style=\"font-weight: 400;\">O vereador&nbsp;&nbsp;da cidade de Itabuna e pr\u00e9-candidato a deputado estadual, Enderson&nbsp;<br \/>\nGuinho, tamb\u00e9m esteve presente.<\/p>\n<p style=\"font-weight: 400;\">O evento religioso foi realizado na quadra poliesportiva do&nbsp;col\u00e9gio CAIC, situada no bairro Jardim Primavera em Itabuna.<\/p>\n<p style=\"font-weight: 400;\">Na oportunidade, o Coordenador do evento, Tales Bispo falou como e quando este evento t\u00e3o importante teve in\u00edcio: &#8220;O EDJ \u00e9 um Encontro que nasceu no cora\u00e7\u00e3o de Deus. A primeira edi\u00e7\u00e3o foi em 2011. Durante muito tempo a juventude carism\u00e1tica estava isolada na Diocese, e n\u00f3s n\u00e3o nos conhec\u00edamos. E Deus colocou no cora\u00e7\u00e3o da Coordena\u00e7\u00e3o Diocesana, na \u00e9poca, em 2010, que era Maria da Concei\u00e7\u00e3o (conhecida como Cei\u00e7a), que junto comigo, (eu era secret\u00e1rio dela), o desejo de reunir essa juventude e de poder, a partir do Esp\u00edrito Santo, direcionar os caminhos. Ent\u00e3o, desde 2011, estamos tendo essas edi\u00e7\u00f5es do Encontro.&#8221;<\/p>\n<p style=\"font-weight: 400;\">No s\u00e1bado&nbsp;(28), \u00e0s 18h, a santa missa foi presidida pelo p\u00e1roco da Par\u00f3quia Santa&nbsp;<br \/>\nMaria Madalena, Pe.Tony Val\u00e9rio, e no domingo (29), \u00e0s 12h20, a&nbsp;Celebra\u00e7\u00e3o Eucar\u00edstica de encerramento foi presidida por&nbsp; Padre&nbsp;Exequiais Gon\u00e7alves, p\u00e1roco da Par\u00f3quia Nossa Senhora Aparecida do&nbsp;bairro Calif\u00f3rnia.<\/p>\n<p>Confira as fotos do VI EDJ na nossa p\u00e1gina do Facebook: <a href=\"https:\/\/www.facebook.com\/portalcatolicooficial\"><span style=\"color: #ff0000;\">CLIQUE AQUI<\/span><\/a><\/p>\n","protected":false},"excerpt":{"rendered":"<p>Entre os dias 28 e 29 de julho, foi realizado na Diocese de Itabuna (BA), um dos&nbsp; maiores&nbsp; encontros para a juventude: o EDJ (Encontro Diocesano de&nbsp;Jovens ), que foi organizado&nbsp; pelo Minist\u00e9rio&nbsp;Jovem da Renova\u00e7\u00e3o Carism\u00e1tica Cat\u00f3lica. O EDJ re\u00fane centenas&nbsp; de&nbsp;&nbsp;jovens de v\u00e1rios grupos de ora\u00e7\u00e3o que comp\u00f5em as paroquias. O evento \u00e9 uma&nbsp;<\/p>\n<p><a class=\"btn btn-style\" href=\"http:\/\/portalcatolico.net\/portal\/mais-uma-edicao-do-edj-acontece-em-itabuna\/\">Continue Reading<\/a><\/p>\n","protected":false},"author":2,"featured_media":57471,"comment_status":"open","ping_status":"open","sticky":false,"template":"","format":"standard","meta":{"footnotes":""},"categories":[65],"tags":[],"class_list":["post-57470","post","type-post","status-publish","format-standard","has-post-thumbnail","hentry","category-entrevistas"],"_links":{"self":[{"href":"http:\/\/portalcatolico.net\/portal\/wp-json\/wp\/v2\/posts\/57470","targetHints":{"allow":["GET"]}}],"collection":[{"href":"http:\/\/portalcatolico.net\/portal\/wp-json\/wp\/v2\/posts"}],"about":[{"href":"http:\/\/portalcatolico.net\/portal\/wp-json\/wp\/v2\/types\/post"}],"author":[{"embeddable":true,"href":"http:\/\/portalcatolico.net\/portal\/wp-json\/wp\/v2\/users\/2"}],"replies":[{"embeddable":true,"href":"http:\/\/portalcatolico.net\/portal\/wp-json\/wp\/v2\/comments?post=57470"}],"version-history":[{"count":1,"href":"http:\/\/portalcatolico.net\/portal\/wp-json\/wp\/v2\/posts\/57470\/revisions"}],"predecessor-version":[{"id":57472,"href":"http:\/\/portalcatolico.net\/portal\/wp-json\/wp\/v2\/posts\/57470\/revisions\/57472"}],"wp:featuredmedia":[{"embeddable":true,"href":"http:\/\/portalcatolico.net\/portal\/wp-json\/wp\/v2\/media\/57471"}],"wp:attachment":[{"href":"http:\/\/portalcatolico.net\/portal\/wp-json\/wp\/v2\/media?parent=57470"}],"wp:term":[{"taxonomy":"category","embeddable":true,"href":"http:\/\/portalcatolico.net\/portal\/wp-json\/wp\/v2\/categories?post=57470"},{"taxonomy":"post_tag","embeddable":true,"href":"http:\/\/portalcatolico.net\/portal\/wp-json\/wp\/v2\/tags?post=57470"}],"curies":[{"name":"wp","href":"https:\/\/api.w.org\/{rel}","templated":true}]}}