{"id":57459,"date":"2018-07-30T17:34:24","date_gmt":"2018-07-30T20:34:24","guid":{"rendered":"http:\/\/portalcatolico.net\/portal\/?p=57459"},"modified":"2018-07-30T17:37:50","modified_gmt":"2018-07-30T20:37:50","slug":"diaconos-sao-ordenados-presbiteros-em-eunapolis","status":"publish","type":"post","link":"http:\/\/portalcatolico.net\/portal\/diaconos-sao-ordenados-presbiteros-em-eunapolis\/","title":{"rendered":"Di\u00e1conos s\u00e3o ordenados presb\u00edteros em Eun\u00e1polis"},"content":{"rendered":"<p style=\"font-weight: 400;\">A Catedral Diocesana Nossa Senhora Auxiliadora, na cidade de Eun\u00e1polis (BA),&nbsp;ficou pequena para acolher o grande n\u00famero de pessoas, amigos,&nbsp;familiares que foram participar da ordena\u00e7\u00e3o dos sete di\u00e1conos. A&nbsp;Celebra\u00e7\u00e3o foi realizada no s\u00e1bado (28) e foi presidida por Dom Edson Santana&nbsp;e contou com a&nbsp;participa\u00e7\u00e3o de padres, di\u00e1conos e seminaristas de v\u00e1rias dioceses&nbsp;circunvizinhas e de outros estados.<\/p>\n<p style=\"font-weight: 400;\">O gesto sacramental&nbsp; aconteceu pela imposi\u00e7\u00e3o das m\u00e3os&nbsp; do bispo da diocese de&nbsp;<br \/>\nEun\u00e1polis e pai fundador,&nbsp; Dom Jos\u00e9 Edson que ordenou os&nbsp;sete&nbsp; di\u00e1conos a presb\u00edteros. Os respectivos religiosos&nbsp; da Diocese&nbsp; e cidade de Eun\u00e1polis&nbsp; foram ordenados&nbsp;di\u00e1conos no dia 02 de fevereiro&nbsp; deste ano de&nbsp; 2018.<\/p>\n<p style=\"font-weight: 400;\">Confira os nomes dos 7 di\u00e1conos que foram&nbsp; ordenados padres:<br \/>\nFrei Erivelton Alves de Oliveira ,MSs<br \/>\nFrei Fernando do Nascimento Concei\u00e7\u00e3o, MSs<br \/>\nFrei Francisco Pereira da Silva, MSs<br \/>\nFrei Luiz Henrique Lima da Silva, MSs<br \/>\nFrei Marconi Ramos da Silva, MSs<br \/>\nFrei Marcos Ant\u00f4nio Vieira Coelho, MSs<br \/>\nFrei Francisco&nbsp; Flaviol\u00e3ndio Alves Vitoriano, MSs<\/p>\n<p><img loading=\"lazy\" decoding=\"async\" class=\"wp-image-57463 aligncenter\" src=\"http:\/\/portalcatolico.net\/portal\/wp-content\/uploads\/2018\/07\/37910679_1751875738223737_5576156044691767296_n-300x225.jpg\" alt=\"\" width=\"740\" height=\"555\" srcset=\"http:\/\/portalcatolico.net\/portal\/wp-content\/uploads\/2018\/07\/37910679_1751875738223737_5576156044691767296_n-300x225.jpg 300w, http:\/\/portalcatolico.net\/portal\/wp-content\/uploads\/2018\/07\/37910679_1751875738223737_5576156044691767296_n-768x576.jpg 768w, http:\/\/portalcatolico.net\/portal\/wp-content\/uploads\/2018\/07\/37910679_1751875738223737_5576156044691767296_n.jpg 960w\" sizes=\"auto, (max-width: 740px) 100vw, 740px\" \/><\/p>\n<p style=\"font-weight: 400;\">Um dos Frades&nbsp; Servitanos, o Frei Marconi, est\u00e1 na Par\u00f3quia Nossa&nbsp;Senhora da Piedade, situada no bairro Maria Pinheiro na Diocese de&nbsp;Itabuna (BA),onde realizou&nbsp; seu trabalho de pastoral e de evangeliza\u00e7\u00e3o.<img loading=\"lazy\" decoding=\"async\" class=\"wp-image-57464 aligncenter\" src=\"http:\/\/portalcatolico.net\/portal\/wp-content\/uploads\/2018\/07\/38002661_1768695819893238_4158190055254392832_n-300x225.jpg\" alt=\"\" width=\"730\" height=\"547\" srcset=\"http:\/\/portalcatolico.net\/portal\/wp-content\/uploads\/2018\/07\/38002661_1768695819893238_4158190055254392832_n-300x225.jpg 300w, http:\/\/portalcatolico.net\/portal\/wp-content\/uploads\/2018\/07\/38002661_1768695819893238_4158190055254392832_n-768x576.jpg 768w, http:\/\/portalcatolico.net\/portal\/wp-content\/uploads\/2018\/07\/38002661_1768695819893238_4158190055254392832_n.jpg 960w\" sizes=\"auto, (max-width: 730px) 100vw, 730px\" \/><\/p>\n<p style=\"font-weight: 400;\">O&nbsp; Frei Luiz Henrique Lima, \u00e9 natural de Itabuna, sua cidade natal e&nbsp;onde seus familiares residem.Todos os&nbsp; sete Frades Servitanos s\u00e3o do Instituto Mission\u00e1rios Servos do&nbsp;Senhor.<\/p>\n<p><img loading=\"lazy\" decoding=\"async\" class=\"alignnone wp-image-57461\" src=\"http:\/\/portalcatolico.net\/portal\/wp-content\/uploads\/2018\/07\/37937277_1751877011556943_9141125771073421312_n-300x225.jpg\" alt=\"\" width=\"357\" height=\"268\" srcset=\"http:\/\/portalcatolico.net\/portal\/wp-content\/uploads\/2018\/07\/37937277_1751877011556943_9141125771073421312_n-300x225.jpg 300w, http:\/\/portalcatolico.net\/portal\/wp-content\/uploads\/2018\/07\/37937277_1751877011556943_9141125771073421312_n-768x576.jpg 768w, http:\/\/portalcatolico.net\/portal\/wp-content\/uploads\/2018\/07\/37937277_1751877011556943_9141125771073421312_n.jpg 960w\" sizes=\"auto, (max-width: 357px) 100vw, 357px\" \/> <img loading=\"lazy\" decoding=\"async\" class=\"alignnone wp-image-57462\" src=\"http:\/\/portalcatolico.net\/portal\/wp-content\/uploads\/2018\/07\/37932239_1768693193226834_2521420590464630784_n-300x256.jpg\" alt=\"\" width=\"312\" height=\"266\" srcset=\"http:\/\/portalcatolico.net\/portal\/wp-content\/uploads\/2018\/07\/37932239_1768693193226834_2521420590464630784_n-300x256.jpg 300w, http:\/\/portalcatolico.net\/portal\/wp-content\/uploads\/2018\/07\/37932239_1768693193226834_2521420590464630784_n-768x655.jpg 768w, http:\/\/portalcatolico.net\/portal\/wp-content\/uploads\/2018\/07\/37932239_1768693193226834_2521420590464630784_n.jpg 960w\" sizes=\"auto, (max-width: 312px) 100vw, 312px\" \/><\/p>\n<p><img loading=\"lazy\" decoding=\"async\" class=\"alignnone wp-image-57466\" src=\"http:\/\/portalcatolico.net\/portal\/wp-content\/uploads\/2018\/07\/37976180_1751876598223651_7323234314185867264_n-300x225.jpg\" alt=\"\" width=\"349\" height=\"262\" srcset=\"http:\/\/portalcatolico.net\/portal\/wp-content\/uploads\/2018\/07\/37976180_1751876598223651_7323234314185867264_n-300x225.jpg 300w, http:\/\/portalcatolico.net\/portal\/wp-content\/uploads\/2018\/07\/37976180_1751876598223651_7323234314185867264_n-768x576.jpg 768w, http:\/\/portalcatolico.net\/portal\/wp-content\/uploads\/2018\/07\/37976180_1751876598223651_7323234314185867264_n.jpg 960w\" sizes=\"auto, (max-width: 349px) 100vw, 349px\" \/> <img loading=\"lazy\" decoding=\"async\" class=\"alignnone wp-image-57467\" src=\"http:\/\/portalcatolico.net\/portal\/wp-content\/uploads\/2018\/07\/37947361_1751876501556994_5223938738958106624_n-300x225.jpg\" alt=\"\" width=\"351\" height=\"263\" srcset=\"http:\/\/portalcatolico.net\/portal\/wp-content\/uploads\/2018\/07\/37947361_1751876501556994_5223938738958106624_n-300x225.jpg 300w, http:\/\/portalcatolico.net\/portal\/wp-content\/uploads\/2018\/07\/37947361_1751876501556994_5223938738958106624_n-768x576.jpg 768w, http:\/\/portalcatolico.net\/portal\/wp-content\/uploads\/2018\/07\/37947361_1751876501556994_5223938738958106624_n.jpg 960w\" sizes=\"auto, (max-width: 351px) 100vw, 351px\" \/><\/p>\n<p style=\"font-weight: 400;\">Fotos: Reprodu\u00e7\u00e3o\/Facebook<\/p>\n","protected":false},"excerpt":{"rendered":"<p>A Catedral Diocesana Nossa Senhora Auxiliadora, na cidade de Eun\u00e1polis (BA),&nbsp;ficou pequena para acolher o grande n\u00famero de pessoas, amigos,&nbsp;familiares que foram participar da ordena\u00e7\u00e3o dos sete di\u00e1conos. A&nbsp;Celebra\u00e7\u00e3o foi realizada no s\u00e1bado (28) e foi presidida por Dom Edson Santana&nbsp;e contou com a&nbsp;participa\u00e7\u00e3o de padres, di\u00e1conos e seminaristas de v\u00e1rias dioceses&nbsp;circunvizinhas e de outros&nbsp;<\/p>\n<p><a class=\"btn btn-style\" href=\"http:\/\/portalcatolico.net\/portal\/diaconos-sao-ordenados-presbiteros-em-eunapolis\/\">Continue Reading<\/a><\/p>\n","protected":false},"author":2,"featured_media":57460,"comment_status":"open","ping_status":"open","sticky":false,"template":"","format":"standard","meta":{"footnotes":""},"categories":[2],"tags":[],"class_list":["post-57459","post","type-post","status-publish","format-standard","has-post-thumbnail","hentry","category-eventos"],"_links":{"self":[{"href":"http:\/\/portalcatolico.net\/portal\/wp-json\/wp\/v2\/posts\/57459","targetHints":{"allow":["GET"]}}],"collection":[{"href":"http:\/\/portalcatolico.net\/portal\/wp-json\/wp\/v2\/posts"}],"about":[{"href":"http:\/\/portalcatolico.net\/portal\/wp-json\/wp\/v2\/types\/post"}],"author":[{"embeddable":true,"href":"http:\/\/portalcatolico.net\/portal\/wp-json\/wp\/v2\/users\/2"}],"replies":[{"embeddable":true,"href":"http:\/\/portalcatolico.net\/portal\/wp-json\/wp\/v2\/comments?post=57459"}],"version-history":[{"count":3,"href":"http:\/\/portalcatolico.net\/portal\/wp-json\/wp\/v2\/posts\/57459\/revisions"}],"predecessor-version":[{"id":57469,"href":"http:\/\/portalcatolico.net\/portal\/wp-json\/wp\/v2\/posts\/57459\/revisions\/57469"}],"wp:featuredmedia":[{"embeddable":true,"href":"http:\/\/portalcatolico.net\/portal\/wp-json\/wp\/v2\/media\/57460"}],"wp:attachment":[{"href":"http:\/\/portalcatolico.net\/portal\/wp-json\/wp\/v2\/media?parent=57459"}],"wp:term":[{"taxonomy":"category","embeddable":true,"href":"http:\/\/portalcatolico.net\/portal\/wp-json\/wp\/v2\/categories?post=57459"},{"taxonomy":"post_tag","embeddable":true,"href":"http:\/\/portalcatolico.net\/portal\/wp-json\/wp\/v2\/tags?post=57459"}],"curies":[{"name":"wp","href":"https:\/\/api.w.org\/{rel}","templated":true}]}}