{"id":57456,"date":"2018-07-30T17:24:17","date_gmt":"2018-07-30T20:24:17","guid":{"rendered":"http:\/\/portalcatolico.net\/portal\/?p=57456"},"modified":"2018-07-30T17:24:17","modified_gmt":"2018-07-30T20:24:17","slug":"vem-ai-a-10a-edicao-da-romaria-a-pe-para-o-santuario-de-nossa-senhora-dajuda","status":"publish","type":"post","link":"http:\/\/portalcatolico.net\/portal\/vem-ai-a-10a-edicao-da-romaria-a-pe-para-o-santuario-de-nossa-senhora-dajuda\/","title":{"rendered":"Vem a\u00ed a 10\u00aa edi\u00e7\u00e3o da Romaria a p\u00e9 para o Santu\u00e1rio de Nossa Senhora d&#8217;Ajuda"},"content":{"rendered":"<p style=\"font-weight: 400;\">A Par\u00f3quia Santo Ant\u00f4nio realizar\u00e1 a 10\u00aa edi\u00e7\u00e3o da Romaria a p\u00e9 para o&nbsp;Santu\u00e1rio de Nossa Senhora d&#8217;Ajuda, no litoral do extremo sul da Bahia.&nbsp;<br \/>\nA Romaria est\u00e1 sendo organizada&nbsp;pela Par\u00f3quia Santo Ant\u00f4nio, que comp\u00f5e a Diocese de Eun\u00e1polis. Neste ano, ela est\u00e1 completando 10 anos, com o tema: &#8220;O Romeiro caminha o quanto pode, e n\u00e3o o que quer&#8221;.<\/p>\n<p style=\"font-weight: 400;\">A Romaria vai acontecer nos dias&nbsp;11 e 12 de agosto. Sair\u00e1 do Largo da Portovel, a partir das&nbsp;5h30min.<\/p>\n<p style=\"font-weight: 400;\">As inscri\u00e7\u00f5es j\u00e1 est\u00e3o abertas e encerram no dia&nbsp; 1\u00ba de agosto e podem ser feitas nos&nbsp;<br \/>\nseguintes pontos: Par\u00f3quia Santo Ant\u00f4nio \u2013 Gusm\u00e3o; Livraria Santa Teresinha \u2013 Centro (ao lado da Catedral);&nbsp;Restaurante Rigon \u2013 Centro (pr\u00f3ximo ao Supermercado&nbsp; Rondelli)<br \/>\nDougnet \u2013 Pra\u00e7a do Pequi;&nbsp;Posto Nossa Senhora d&#8217;Ajuda \u2013 Avenida Porto Seguro.<br \/>\nParticipe deste momento de f\u00e9 e devo\u00e7\u00e3o.<\/p>\n<p style=\"font-weight: 400;\">Para maiores informa\u00e7\u00f5es&nbsp;, entre em contato atrav\u00e9s dos telefones ( 73) 3261-7458 e&nbsp;98147-3154.<\/p>\n<p style=\"font-weight: 400;\">Participe!<\/p>\n","protected":false},"excerpt":{"rendered":"<p>A Par\u00f3quia Santo Ant\u00f4nio realizar\u00e1 a 10\u00aa edi\u00e7\u00e3o da Romaria a p\u00e9 para o&nbsp;Santu\u00e1rio de Nossa Senhora d&#8217;Ajuda, no litoral do extremo sul da Bahia.&nbsp; A Romaria est\u00e1 sendo organizada&nbsp;pela Par\u00f3quia Santo Ant\u00f4nio, que comp\u00f5e a Diocese de Eun\u00e1polis. Neste ano, ela est\u00e1 completando 10 anos, com o tema: &#8220;O Romeiro caminha o quanto pode,&nbsp;<\/p>\n<p><a class=\"btn btn-style\" href=\"http:\/\/portalcatolico.net\/portal\/vem-ai-a-10a-edicao-da-romaria-a-pe-para-o-santuario-de-nossa-senhora-dajuda\/\">Continue Reading<\/a><\/p>\n","protected":false},"author":2,"featured_media":57457,"comment_status":"open","ping_status":"open","sticky":false,"template":"","format":"standard","meta":{"footnotes":""},"categories":[1],"tags":[],"class_list":["post-57456","post","type-post","status-publish","format-standard","has-post-thumbnail","hentry","category-agenda"],"_links":{"self":[{"href":"http:\/\/portalcatolico.net\/portal\/wp-json\/wp\/v2\/posts\/57456","targetHints":{"allow":["GET"]}}],"collection":[{"href":"http:\/\/portalcatolico.net\/portal\/wp-json\/wp\/v2\/posts"}],"about":[{"href":"http:\/\/portalcatolico.net\/portal\/wp-json\/wp\/v2\/types\/post"}],"author":[{"embeddable":true,"href":"http:\/\/portalcatolico.net\/portal\/wp-json\/wp\/v2\/users\/2"}],"replies":[{"embeddable":true,"href":"http:\/\/portalcatolico.net\/portal\/wp-json\/wp\/v2\/comments?post=57456"}],"version-history":[{"count":1,"href":"http:\/\/portalcatolico.net\/portal\/wp-json\/wp\/v2\/posts\/57456\/revisions"}],"predecessor-version":[{"id":57458,"href":"http:\/\/portalcatolico.net\/portal\/wp-json\/wp\/v2\/posts\/57456\/revisions\/57458"}],"wp:featuredmedia":[{"embeddable":true,"href":"http:\/\/portalcatolico.net\/portal\/wp-json\/wp\/v2\/media\/57457"}],"wp:attachment":[{"href":"http:\/\/portalcatolico.net\/portal\/wp-json\/wp\/v2\/media?parent=57456"}],"wp:term":[{"taxonomy":"category","embeddable":true,"href":"http:\/\/portalcatolico.net\/portal\/wp-json\/wp\/v2\/categories?post=57456"},{"taxonomy":"post_tag","embeddable":true,"href":"http:\/\/portalcatolico.net\/portal\/wp-json\/wp\/v2\/tags?post=57456"}],"curies":[{"name":"wp","href":"https:\/\/api.w.org\/{rel}","templated":true}]}}