{"id":57453,"date":"2018-07-30T13:27:56","date_gmt":"2018-07-30T16:27:56","guid":{"rendered":"http:\/\/portalcatolico.net\/portal\/?p=57453"},"modified":"2018-07-30T13:27:56","modified_gmt":"2018-07-30T16:27:56","slug":"dom-carlos-alberto-se-emociona-ao-receber-o-titulo-de-cidadaos-itabunense","status":"publish","type":"post","link":"http:\/\/portalcatolico.net\/portal\/dom-carlos-alberto-se-emociona-ao-receber-o-titulo-de-cidadaos-itabunense\/","title":{"rendered":"Dom Carlos Alberto se emociona ao receber o T\u00edtulo de Cidad\u00e3os Itabunense"},"content":{"rendered":"<p class=\"xxmsonormal\">Em comemora\u00e7\u00e3o aos 108 anos de Itabuna, comemorados no dia 28 de julho, o Legislativo concedeu T\u00edtulos&nbsp;de Cidadania Itabunense, na sess\u00e3o solene que aconteceu na \u00faltima quarta-feira (26) na Associa\u00e7\u00e3o Atl\u00e9tica do Banco do Brasil (AABB), em Itabuna (BA).<\/p>\n<p class=\"xxmsonormal\">Na oportunidade, foram entregues&nbsp;T\u00edtulos de Cidad\u00e3os Itabunenses a personalidades que prestam servi\u00e7os&nbsp;relevantes ao Munic\u00edpio.<\/p>\n<p class=\"xxmsonormal\">Essa cerim\u00f4nia acontece na cidade&nbsp;atrav\u00e9s da C\u00e2mara de Vereadores e foi oferecida aos religiosos pelo&nbsp;Vereador Enderson Guinho. Segundo ele, para poder receber um t\u00edtulo de Cidad\u00e3o Itabunense, a pessoa n\u00e3o deve ter nascido na cidade de Itabuna e precisa ter um trabalho de destaque no Munic\u00edpio, no Estado ou na Uni\u00e3o. Logo, uma pessoa que teve um trabalho de grande destaque, mas que tenha nascido em Itabuna, recebe uma medalha de honra ao m\u00e9rito.<\/p>\n<p class=\"xxmsonormal\">Entre os nomes dos homenageados, estava o do Bispo da Diocese de Itabuna,&nbsp;Dom Carlos Alberto&nbsp;dos Santos (que n\u00e3o p\u00f4de comparecer,&nbsp; e em seu lugar,foi enviado o Pe. Monsenhor Nicolau Klak, vig\u00e1rio&nbsp;geral da Diocese de Itabuna).<\/p>\n<p class=\"xxmsonormal\">Ap\u00f3s a missa solene que aconteceu no s\u00e1bado (28), em comemora\u00e7\u00e3o ao anivers\u00e1rio de Itabuna, \u00e0s 8h, o vereador Enderson Guinho fez a entrega do T\u00edtulo oficialmente ao&nbsp;bispo.&nbsp;Dom Carlos n\u00e3o conteve a emo\u00e7\u00e3o. Ele concedeu uma entrevista exclusiva a este Portal e falou sobre a sensa\u00e7\u00e3o de receber o T\u00edtulo: &#8220;Pra mim, foi uma grande surpresa, pois eu s\u00f3 tenho 1 ano e 3 meses em Itabuna, e j\u00e1 estou sendo considerado &#8216;filho da terra&#8217;, ao receber o T\u00edtulo de Cidad\u00e3o Itabunense. Para mim, foi uma grande alegria, e um grande reconhecimento, pois eu agora fa\u00e7o parte da grande fam\u00edlia de Itabuna. Ent\u00e3o, \u00e9 uma grande alegria e uma grande responsabilidade tamb\u00e9m, porque eu tenho que doar-me mais ainda \u00e0 servi\u00e7o da sociedade, da Igreja, desse povo t\u00e3o bom, t\u00e3o querido de Itabuna. Agrade\u00e7o atrav\u00e9s do Guinho esta manifesta\u00e7\u00e3o carinhosa, ao lado dos vereadores, e das nossas outras autoridades, que receberam este T\u00edtulo&#8221;.<\/p>\n<p class=\"xxmsonormal\">Vale ressaltar que al\u00e9m de Dom Carlos, o Padre Manoel&nbsp;Carlos Jesus Cruz (p\u00e1roco da Par\u00f3quia Senhor do Bonfim, do bairro Jardim&nbsp;Primavera)&nbsp;tamb\u00e9m foi homenageado. Ambos foram indicados por Enderson Guinho. Na ocasi\u00e3o, ele justificou por que escolheu esses dois religiosos para serem homenageados: &#8220;Por eu ter sa\u00eddo da Igreja Cat\u00f3lica&nbsp;&nbsp;e ainda estar nela (ser do seio da Igreja, ser agente de pastoral), eu sei da import\u00e2ncia dos religiosos&nbsp;&nbsp;na vida da sua comunidade e da sua import\u00e2ncia para o pa\u00eds. Eu sempre venho dizendo que se n\u00e3o fosse a Igreja, n\u00f3s estar\u00edamos muito pior, porque a Igreja, muitas vezes, ela faz o papel do Estado: ela cuida, tira os jovens das drogas, da marginalidade, cuida das fam\u00edlias, e faz realmente um trabalho social que o Estado deveria fazer. Ent\u00e3o, com isso eu escolhi dois religiosos&nbsp;&nbsp;que t\u00eam uma representa\u00e7\u00e3o em nosso Munic\u00edpio, em especial, Dom Carlos Alberto, que hoje representa todos os cat\u00f3licos itabunenses&#8221;.&nbsp;<br \/>\nO Portal Cat\u00f3lico mais uma vez parabeniza os homenageados&nbsp;que tiveram merecidamente seus trabalhos valorizados e&nbsp;reconhecidos por meio de um T\u00edtulo e uma celebra\u00e7\u00e3o honrosa. Com&nbsp;certeza, Itabuna torna-se uma cidade melhor, com o apoio desses homens&nbsp;que fazem suas miss\u00f5es com amor e dedica\u00e7\u00e3o baseadas na palavra de Deus.<\/p>\n","protected":false},"excerpt":{"rendered":"<p>Em comemora\u00e7\u00e3o aos 108 anos de Itabuna, comemorados no dia 28 de julho, o Legislativo concedeu T\u00edtulos&nbsp;de Cidadania Itabunense, na sess\u00e3o solene que aconteceu na \u00faltima quarta-feira (26) na Associa\u00e7\u00e3o Atl\u00e9tica do Banco do Brasil (AABB), em Itabuna (BA). Na oportunidade, foram entregues&nbsp;T\u00edtulos de Cidad\u00e3os Itabunenses a personalidades que prestam servi\u00e7os&nbsp;relevantes ao Munic\u00edpio. Essa cerim\u00f4nia&nbsp;<\/p>\n<p><a class=\"btn btn-style\" href=\"http:\/\/portalcatolico.net\/portal\/dom-carlos-alberto-se-emociona-ao-receber-o-titulo-de-cidadaos-itabunense\/\">Continue Reading<\/a><\/p>\n","protected":false},"author":2,"featured_media":57454,"comment_status":"open","ping_status":"open","sticky":false,"template":"","format":"standard","meta":{"footnotes":""},"categories":[65],"tags":[],"class_list":["post-57453","post","type-post","status-publish","format-standard","has-post-thumbnail","hentry","category-entrevistas"],"_links":{"self":[{"href":"http:\/\/portalcatolico.net\/portal\/wp-json\/wp\/v2\/posts\/57453","targetHints":{"allow":["GET"]}}],"collection":[{"href":"http:\/\/portalcatolico.net\/portal\/wp-json\/wp\/v2\/posts"}],"about":[{"href":"http:\/\/portalcatolico.net\/portal\/wp-json\/wp\/v2\/types\/post"}],"author":[{"embeddable":true,"href":"http:\/\/portalcatolico.net\/portal\/wp-json\/wp\/v2\/users\/2"}],"replies":[{"embeddable":true,"href":"http:\/\/portalcatolico.net\/portal\/wp-json\/wp\/v2\/comments?post=57453"}],"version-history":[{"count":1,"href":"http:\/\/portalcatolico.net\/portal\/wp-json\/wp\/v2\/posts\/57453\/revisions"}],"predecessor-version":[{"id":57455,"href":"http:\/\/portalcatolico.net\/portal\/wp-json\/wp\/v2\/posts\/57453\/revisions\/57455"}],"wp:featuredmedia":[{"embeddable":true,"href":"http:\/\/portalcatolico.net\/portal\/wp-json\/wp\/v2\/media\/57454"}],"wp:attachment":[{"href":"http:\/\/portalcatolico.net\/portal\/wp-json\/wp\/v2\/media?parent=57453"}],"wp:term":[{"taxonomy":"category","embeddable":true,"href":"http:\/\/portalcatolico.net\/portal\/wp-json\/wp\/v2\/categories?post=57453"},{"taxonomy":"post_tag","embeddable":true,"href":"http:\/\/portalcatolico.net\/portal\/wp-json\/wp\/v2\/tags?post=57453"}],"curies":[{"name":"wp","href":"https:\/\/api.w.org\/{rel}","templated":true}]}}