{"id":57447,"date":"2018-07-29T08:15:01","date_gmt":"2018-07-29T11:15:01","guid":{"rendered":"http:\/\/portalcatolico.net\/portal\/?p=57447"},"modified":"2018-07-29T08:19:01","modified_gmt":"2018-07-29T11:19:01","slug":"comecaram-as-comemoracoes-em-homenagem-ao-bom-jesus","status":"publish","type":"post","link":"http:\/\/portalcatolico.net\/portal\/comecaram-as-comemoracoes-em-homenagem-ao-bom-jesus\/","title":{"rendered":"Come\u00e7aram as comemora\u00e7\u00f5es em homenagem ao Bom Jesus"},"content":{"rendered":"<div dir=\"auto\">\n<p>Com o tema central: &#8220;Seguindo o exemplo do Bom Jesus, sejamos sal da terra e luz do mundo&#8221; e lema: &#8220;Crist\u00e3os leigas e leigas na Igreja e na sociedade&#8221;, tiveram in\u00edcio os preparativos da Festa de Bom Jesus, situada na Comunidade de Rua de Palha,que comp\u00f5e a Par\u00f3quia Nossa Senhora da Concei\u00e7\u00e3o do bairro Ferradas, que tem como p\u00e1roco, o Pe. Jos\u00e9 Roberto.&nbsp;<\/p>\n<\/div>\n<div dir=\"auto\">\n<p>O Noven\u00e1rio de Bom Jesus iniciou nesta sexta-feira (27\/07) com missa \u00e0s 19h e segue at\u00e9 dia 05 de agosto.&nbsp;<\/p>\n<\/div>\n<div dir=\"auto\">\n<p>Bom Jesus tamb\u00e9m est\u00e1 sendo celebrado em Itap\u00e9 (BA), onde \u00e9 padroeiro. A par\u00f3quia tem como p\u00e1roco, o Padre Ant\u00f4nio Calazans.<\/p>\n<\/div>\n<div dir=\"auto\">\n<p>Confira a programa\u00e7\u00e3o do Noven\u00e1rio da Par\u00f3quia Nossa Senhora da Concei\u00e7\u00e3o, no bairro Ferradas, em Itabuna:<\/p>\n<\/div>\n<div dir=\"auto\"><strong>28\/07- s\u00e1bado, \u00e0s 19h.<\/strong><\/div>\n<div dir=\"auto\">Subtema da 2\u00aa noite: &#8220;Crist\u00e3o Leigos e Leigas sujeitos na Sociedade e no Mundo&#8221;. Os convidados s\u00e3o: ECC-Encontro de Casais com Cristo, fam\u00edlias, Pastoral Familiar, par\u00f3quia Santa Maria Madalena e suas comunidades.&nbsp;<\/div>\n<div dir=\"auto\">Oferta da noite: Fralda Geri\u00e1trica<\/div>\n<div dir=\"auto\">\n<p>Celebrante: Padre Jos\u00e9 Roberto, p\u00e1roco da par\u00f3quia Nossa Senhora da Concei\u00e7\u00e3o do bairro Ferradas.<\/p>\n<\/div>\n<div dir=\"auto\"><strong>29\/07-Domingo \u00e0s 19h.&nbsp;<\/strong><\/div>\n<div dir=\"auto\">Subtema da 3\u00aa noite: &#8220;Exig\u00eancia e Dificuldade do Leigo na vivencia da santidade do cotidiano&#8221;.&nbsp;<\/div>\n<div dir=\"auto\">Convidados: Colaboradores da sopa Irm\u00e3 Dulce, posto medico, os enfermos, par\u00f3quia Santa Maria Madalena e suas comunidades. Respons\u00e1veis: Movimento Irm\u00e3 Dulce Oferta: Talco, Desodorante e Alfazema.&nbsp;<\/div>\n<div dir=\"auto\">\n<p>Celebrante: O Di\u00e1cono permanente da Diocese de Itabuna, Ailton Matos<\/p>\n<\/div>\n<div dir=\"auto\"><strong>30\/07-Segunda-feira, \u00e0s 19h&nbsp;<\/strong><\/div>\n<div dir=\"auto\">Subtema da 4\u00aa noite: &#8220;Crist\u00e3o Disc\u00edpulos e Mission\u00e1rios de Jesus&#8221;.&nbsp;<\/div>\n<div dir=\"auto\">Convidados: MECE-(Ministros Extraordin\u00e1rio da Comunh\u00e3o Eucar\u00edstica) e Empres\u00e1rios. Respons\u00e1veis: Ministros da Comunh\u00e3o Oferta: Alfazema, Bucha de Banho, \u00c1lcool gel.&nbsp;<\/div>\n<div dir=\"auto\">\n<p>Celebrante: Padre Hugo de Fosses, p\u00e1roco da par\u00f3quia Santo Ant\u00f4nio na cidade de Itaju do Col\u00f4nia.&nbsp;<\/p>\n<\/div>\n<div dir=\"auto\"><strong>31\/07-ter\u00e7a-feira, \u00e0s 19h&nbsp;<\/strong><\/div>\n<div dir=\"auto\">Subtema da 5\u00aa noite: &#8220;Com Maria, ser Igreja viva e participativa&#8221;.&nbsp;<\/div>\n<div dir=\"auto\">Convidados: Legion\u00e1rios, Igreja Matriz de Nossa Senhora da Concei\u00e7\u00e3o de Ferradas e as Comunidades: Santo Ant\u00f4nio, Nossa Senhora Aparecida, Senhora Santana, S\u00e3o Jos\u00e9 Oper\u00e1rio e S\u00e3o Miguel Arcanjo. Respons\u00e1veis: Legi\u00e3o de Maria Oferta: Fralda Geri\u00e1trica e Shampoo&nbsp;<\/div>\n<div dir=\"auto\">\n<p>Celebrante: Dom Carlos Alberto dos Santos, bispo da Diocese de Itabuna&nbsp;<\/p>\n<\/div>\n<div dir=\"auto\"><strong>01\/08-quarta-feira, \u00e0s 19h&nbsp;<\/strong><\/div>\n<div dir=\"auto\">Subtema da 6\u00aa noite: &#8220;A Fam\u00edlia na constru\u00e7\u00e3o de uma sociedade mais justa e solid\u00e1ria&#8221;.<\/div>\n<div dir=\"auto\">Convidados: Fam\u00edlias da Mae Peregrina, Grupo do Perp\u00e9tuo Socorro e os romeiros. Respons\u00e1veis: Movimento Mae Peregrina e Perp\u00e9tuo Socorro.&nbsp;<\/div>\n<div dir=\"auto\">\n<p>Oferta: Papel Higi\u00eanico, Talco barla e lamina de barbear. Celebrante: O Di\u00e1cono permanente da Diocese de Itabuna, Trajano Oswaldo&nbsp;<\/p>\n<\/div>\n<div dir=\"auto\"><strong>02\/02- quinta-feira, \u00e0s 19h&nbsp;<\/strong><\/div>\n<div dir=\"auto\">Subtema da 7\u00aa noite: &#8220;A\u00e7\u00e3o dos leigos nas periferias e nas realidades da sociedade atual&#8221;.&nbsp;<\/div>\n<div dir=\"auto\">Convidados: Os comerciantes do bairro Respons\u00e1veis: Liturgia Oferta: Fraldas Geri\u00e1trica, cotonete e \u00e1lcool gel.&nbsp;<\/div>\n<div dir=\"auto\">\n<p>Celebrante: Pe. Frei Ivanilton, p\u00e1roco da par\u00f3quia Nossa Senhora da Piedade do bairro Maria Pinheiro.&nbsp;<\/p>\n<\/div>\n<div dir=\"auto\"><strong>03\/08- sexta-feira, \u00e0s 19h.<\/strong><\/div>\n<div dir=\"auto\">Subtema da 8\u00aa noite: &#8220;Crist\u00e3os leigos e Leigas no exerc\u00edcio da partilha&#8221;.&nbsp;<\/div>\n<div dir=\"auto\">Convidados: Os dizimistas Reespos\u00e1veis: Pastoral do Dizimo Oferta: Shampoo, Condicionador, Creme de pentear<\/div>\n<div dir=\"auto\">\n<p>Celebrante: Padre Exequiais Gon\u00e7alves, p\u00e1roco da Par\u00f3quia Nossa Senhora Aparecida do bairro Calif\u00f3rnia.<\/p>\n<\/div>\n<div dir=\"auto\"><strong>04\/08- s\u00e1bado, \u00e0s 19h&nbsp;<\/strong><\/div>\n<div dir=\"auto\">Subtema da 9\u00aa noite: &#8220;Juventude presen\u00e7a da Igreja sendo sal e luz do mundo&#8221;. Convidados: As Crian\u00e7as, os jovens, Escola Leonor Santos Pacheco, Posto Medico, Barry Callebout, Comunidade S\u00e3o Paulo da Cruz. Respons\u00e1veis: Os jovens Oferta: Contente, Xuxa de cabelo, creme de pentear e mamadeiras.&nbsp;<\/div>\n<div dir=\"auto\">\n<p>Celebrante: Padre Junior \u2013 Par\u00f3quia Santa In\u00eas do mesmo bairro.&nbsp;<\/p>\n<\/div>\n<div dir=\"auto\">Dia festivo &#8211; 05 de agosto (Domingo), 12h Soltar fogos na casa de cada pessoa da comunidade&nbsp;<\/div>\n<div dir=\"auto\">17h30: Santa Missa festiva, logo ap\u00f3s prociss\u00e3o e b\u00ean\u00e7\u00e3o com o Sant\u00edssimo Sacramento&nbsp;<\/div>\n<div dir=\"auto\">Foto:Arquivo\/Portal Cat\u00f3lico<\/div>\n","protected":false},"excerpt":{"rendered":"<p>Com o tema central: &#8220;Seguindo o exemplo do Bom Jesus, sejamos sal da terra e luz do mundo&#8221; e lema: &#8220;Crist\u00e3os leigas e leigas na Igreja e na sociedade&#8221;, tiveram in\u00edcio os preparativos da Festa de Bom Jesus, situada na Comunidade de Rua de Palha,que comp\u00f5e a Par\u00f3quia Nossa Senhora da Concei\u00e7\u00e3o do bairro Ferradas,&nbsp;<\/p>\n<p><a class=\"btn btn-style\" href=\"http:\/\/portalcatolico.net\/portal\/comecaram-as-comemoracoes-em-homenagem-ao-bom-jesus\/\">Continue Reading<\/a><\/p>\n","protected":false},"author":2,"featured_media":32777,"comment_status":"open","ping_status":"open","sticky":false,"template":"","format":"standard","meta":{"footnotes":""},"categories":[1],"tags":[],"class_list":["post-57447","post","type-post","status-publish","format-standard","has-post-thumbnail","hentry","category-agenda"],"_links":{"self":[{"href":"http:\/\/portalcatolico.net\/portal\/wp-json\/wp\/v2\/posts\/57447","targetHints":{"allow":["GET"]}}],"collection":[{"href":"http:\/\/portalcatolico.net\/portal\/wp-json\/wp\/v2\/posts"}],"about":[{"href":"http:\/\/portalcatolico.net\/portal\/wp-json\/wp\/v2\/types\/post"}],"author":[{"embeddable":true,"href":"http:\/\/portalcatolico.net\/portal\/wp-json\/wp\/v2\/users\/2"}],"replies":[{"embeddable":true,"href":"http:\/\/portalcatolico.net\/portal\/wp-json\/wp\/v2\/comments?post=57447"}],"version-history":[{"count":3,"href":"http:\/\/portalcatolico.net\/portal\/wp-json\/wp\/v2\/posts\/57447\/revisions"}],"predecessor-version":[{"id":57450,"href":"http:\/\/portalcatolico.net\/portal\/wp-json\/wp\/v2\/posts\/57447\/revisions\/57450"}],"wp:featuredmedia":[{"embeddable":true,"href":"http:\/\/portalcatolico.net\/portal\/wp-json\/wp\/v2\/media\/32777"}],"wp:attachment":[{"href":"http:\/\/portalcatolico.net\/portal\/wp-json\/wp\/v2\/media?parent=57447"}],"wp:term":[{"taxonomy":"category","embeddable":true,"href":"http:\/\/portalcatolico.net\/portal\/wp-json\/wp\/v2\/categories?post=57447"},{"taxonomy":"post_tag","embeddable":true,"href":"http:\/\/portalcatolico.net\/portal\/wp-json\/wp\/v2\/tags?post=57447"}],"curies":[{"name":"wp","href":"https:\/\/api.w.org\/{rel}","templated":true}]}}