{"id":57444,"date":"2018-07-29T07:36:48","date_gmt":"2018-07-29T10:36:48","guid":{"rendered":"http:\/\/portalcatolico.net\/portal\/?p=57444"},"modified":"2018-07-29T07:37:16","modified_gmt":"2018-07-29T10:37:16","slug":"vozes-pro-vida","status":"publish","type":"post","link":"http:\/\/portalcatolico.net\/portal\/vozes-pro-vida\/","title":{"rendered":"VOZES PR\u00d3-VIDA"},"content":{"rendered":"<p>Levantar a voz em defesa da vida \u00e9 uma obriga\u00e7\u00e3o moral e cidad\u00e3 de todos. Calar significa agir de modo conivente com os processos que est\u00e3o amea\u00e7ando a vida humana, em diferentes etapas e circunst\u00e2ncias. E as consequ\u00eancias s\u00e3o graves. N\u00e3o poupam ningu\u00e9m, nem mesmo os que se acham seguros porque possuem bens, vivem com conforto e residem em lugares bem vigiados. Os descompassos que amea\u00e7am a vida, dom sagrado, conduzem toda a sociedade rumo a cen\u00e1rios de dizima\u00e7\u00e3o. Basta olhar o mundo atual para reconhecer os muitos contextos desse tipo &#8211; verdadeiras feridas em diferentes civiliza\u00e7\u00f5es.<\/p>\n<p>\u00c9 espantoso ver, por exemplo, o renascimento e o fortalecimento de certas din\u00e2micas ditatoriais, que sufocam popula\u00e7\u00f5es com perspectivas desconexas de um sentido pleno a respeito do que \u00e9 viver. Verifica-se, como consequ\u00eancia, o recrudescimento de entendimentos pol\u00edtico-partid\u00e1rios. Consolidam-se totalitarismos e radicalismos que ofendem, vergonhosamente, a dignidade do ser humano. Na\u00e7\u00f5es s\u00e3o submetidas ao horizonte estreito de falsos l\u00edderes pol\u00edticos. Tudo em raz\u00e3o do descompromisso com a vida, que alimenta uma ego\u00edsta convic\u00e7\u00e3o: o importante \u00e9 o interesse pessoal, desconsiderando que o outro merece respeito. Essa situa\u00e7\u00e3o explica tamb\u00e9m a raz\u00e3o de n\u00e3o haver, na sociedade brasileira, uma reforma pol\u00edtica, capaz de gerar a renova\u00e7\u00e3o e a recupera\u00e7\u00e3o da credibilidade nas inst\u00e2ncias do poder.<\/p>\n<p>Quando n\u00e3o se assume a tarefa de defender e promover a vida, navega-se, mais facilmente, na mediocridade, contentando-se, por exemplo, com representantes que nada t\u00eam a oferecer. S\u00e3o pessoas incapazes de propor solu\u00e7\u00f5es ou promover as transforma\u00e7\u00f5es requeridas pelo mundo contempor\u00e2neo. E uma das consequ\u00eancias \u00e9 a end\u00eamica pr\u00e1tica da corrup\u00e7\u00e3o na sociedade brasileira. Outro desdobramento que pode ser destacado \u00e9 o fen\u00f4meno de se escolher a mediocridade menos inc\u00f4moda. Essa situa\u00e7\u00e3o apenas beneficia pessoas que buscam o poder, mesmo sendo incapazes de gerar as mudan\u00e7as esperadas.&nbsp; Assim, conseguem alcan\u00e7ar certo patamar sem muito esfor\u00e7o. Quem se deixa orientar pela mediocridade \u2013 aquela que menos incomoda &#8211; n\u00e3o raramente dedica-se, por exemplo, a apoiar os radicais &#8211; sempre distantes da din\u00e2mica dial\u00f3gica imprescind\u00edvel na sociedade. Apegam-se \u00e0s mentalidades retr\u00f3gadas, admiram \u201cca\u00e7adores de bruxas\u201d.&nbsp; &nbsp;<\/p>\n<p>A presen\u00e7a de indiv\u00edduos em postos de decis\u00e3o, nas mais variadas inst\u00e2ncias, que s\u00f3 buscam benesses e ancoram-se no comodismo \u00e9 outra consequ\u00eancia daqueles que nunca valorizam o ser humano. Deixam, assim, de reconhecer que estar a servi\u00e7o dos outros \u00e9 o \u00fanico sentido do poder que se exerce. Urgente \u00e9, pois, recuperar a compet\u00eancia human\u00edstica capaz de qualificar as diferentes formas de se exercer a cidadania. O ponto de partida \u00e9 reconhecer que o ser humano tem uma vida que ultrapassa a sua exist\u00eancia terrena. Para isso, vozes precisam ecoar, corajosamente, de muitos modos \u2013 nas ruas ou no ambiente digital, em contextos educativos e no exigente testemunho da f\u00e9, anunciando que viver \u00e9 dom sagrado e inviol\u00e1vel.<\/p>\n<p>Esse clamor pr\u00f3-vida h\u00e1 de chegar \u00e0s urgentes interven\u00e7\u00f5es e reconfigura\u00e7\u00f5es das din\u00e2micas sociais, pol\u00edticas e econ\u00f4micas. Deve-se reconhecer que a vida precisa ser respeitada em todas as suas etapas &#8211; da fecunda\u00e7\u00e3o \u00e0 morte com o decl\u00ednio natural. Isto significa, entre outros aspectos, compreender como abomin\u00e1vel e demolidora a cultura pr\u00f3-aborto, que se espalha na sociedade brasileira. O desrespeito ao nascituro \u00e9 lament\u00e1vel sintoma da perda do apre\u00e7o em rela\u00e7\u00e3o \u00e0 vida. \u00c9 um verdadeiro abismo, de onde a sociedade brasileira se aproxima quando passa a ser mais permissiva com certas \u201clegisla\u00e7\u00f5es abortistas\u201d.<\/p>\n<p>Uma sociedade pr\u00f3-aborto relativiza o valor intoc\u00e1vel e inviol\u00e1vel da vida. E o caminho longo da recomposi\u00e7\u00e3o do tecido social \u2013 com a conquista de equil\u00edbrio, equidade e justi\u00e7a \u2013 \u00e9 justamente a dire\u00e7\u00e3o oposta: comprometer-se com a vida, em todas as suas etapas. O atual momento pede atitudes diversas, nos mais variados lugares, com a organiza\u00e7\u00e3o de manifesta\u00e7\u00f5es pac\u00edficas, simp\u00f3sios e outras atividades formativas, para que se consolide o entendimento a respeito do significado da vida. Pessoas, grupos e segmentos levantem as vozes pr\u00f3-vida. Assim ser\u00e1 poss\u00edvel reacender a esperan\u00e7a de um tempo novo.<\/p>\n<p>Foto:Divulga\u00e7\u00e3o<\/p>\n<p><strong>Dom Walmor Oliveira de Azevedo<\/strong><\/p>\n<p><strong>Arcebispo metropolitano de Belo Horizonte<\/strong><\/p>\n","protected":false},"excerpt":{"rendered":"<p>Levantar a voz em defesa da vida \u00e9 uma obriga\u00e7\u00e3o moral e cidad\u00e3 de todos. Calar significa agir de modo conivente com os processos que est\u00e3o amea\u00e7ando a vida humana, em diferentes etapas e circunst\u00e2ncias. E as consequ\u00eancias s\u00e3o graves. N\u00e3o poupam ningu\u00e9m, nem mesmo os que se acham seguros porque possuem bens, vivem com&nbsp;<\/p>\n<p><a class=\"btn btn-style\" href=\"http:\/\/portalcatolico.net\/portal\/vozes-pro-vida\/\">Continue Reading<\/a><\/p>\n","protected":false},"author":2,"featured_media":56676,"comment_status":"open","ping_status":"open","sticky":false,"template":"","format":"standard","meta":{"footnotes":""},"categories":[69],"tags":[],"class_list":["post-57444","post","type-post","status-publish","format-standard","has-post-thumbnail","hentry","category-artigos"],"_links":{"self":[{"href":"http:\/\/portalcatolico.net\/portal\/wp-json\/wp\/v2\/posts\/57444","targetHints":{"allow":["GET"]}}],"collection":[{"href":"http:\/\/portalcatolico.net\/portal\/wp-json\/wp\/v2\/posts"}],"about":[{"href":"http:\/\/portalcatolico.net\/portal\/wp-json\/wp\/v2\/types\/post"}],"author":[{"embeddable":true,"href":"http:\/\/portalcatolico.net\/portal\/wp-json\/wp\/v2\/users\/2"}],"replies":[{"embeddable":true,"href":"http:\/\/portalcatolico.net\/portal\/wp-json\/wp\/v2\/comments?post=57444"}],"version-history":[{"count":2,"href":"http:\/\/portalcatolico.net\/portal\/wp-json\/wp\/v2\/posts\/57444\/revisions"}],"predecessor-version":[{"id":57446,"href":"http:\/\/portalcatolico.net\/portal\/wp-json\/wp\/v2\/posts\/57444\/revisions\/57446"}],"wp:featuredmedia":[{"embeddable":true,"href":"http:\/\/portalcatolico.net\/portal\/wp-json\/wp\/v2\/media\/56676"}],"wp:attachment":[{"href":"http:\/\/portalcatolico.net\/portal\/wp-json\/wp\/v2\/media?parent=57444"}],"wp:term":[{"taxonomy":"category","embeddable":true,"href":"http:\/\/portalcatolico.net\/portal\/wp-json\/wp\/v2\/categories?post=57444"},{"taxonomy":"post_tag","embeddable":true,"href":"http:\/\/portalcatolico.net\/portal\/wp-json\/wp\/v2\/tags?post=57444"}],"curies":[{"name":"wp","href":"https:\/\/api.w.org\/{rel}","templated":true}]}}