{"id":57442,"date":"2018-07-29T07:30:32","date_gmt":"2018-07-29T10:30:32","guid":{"rendered":"http:\/\/portalcatolico.net\/portal\/?p=57442"},"modified":"2018-07-29T07:30:32","modified_gmt":"2018-07-29T10:30:32","slug":"mens-dizimo-educar-para-a-partilha-e-vida-comunitaria","status":"publish","type":"post","link":"http:\/\/portalcatolico.net\/portal\/mens-dizimo-educar-para-a-partilha-e-vida-comunitaria\/","title":{"rendered":"Mens. Dizimo: Educar para a partilha e vida comunit\u00e1ria"},"content":{"rendered":"<p><em>Irm\u00e3os a comunidade \u00e9 lugar onde vivemos e assumimos a dimens\u00e3o da nossa f\u00e9, pois nela, a diversidade dos dons s\u00e3o colocados a servi\u00e7o da constru\u00e7\u00e3o do reino celestial. A comunidade cresce quando colocamos em comum os nossos dons e capacidades, quando realmente todos se ajudam mutualmente e se responsabilizam uns pelos outros. <\/em><\/p>\n<p><em>Pois a nossa devolu\u00e7\u00e3o dizimal \u00e9 sinal da viv\u00eancia comunit\u00e1ria, de nosso amor e fidelidade ao criador. Precisamos entender que; A comunidade crist\u00e3, desde o inicio de sua forma\u00e7\u00e3o se caracteriza pela vida fraterna e perseveran\u00e7a na f\u00e9, mostrada atrav\u00e9s dos ap\u00f3stolos com os seus ensinamentos, pela Eucaristia, pela partilha do p\u00e3o, e comunh\u00e3o fraterna e pela ora\u00e7\u00e3o, devemos compreender que o d\u00edzimo \u00e9 uma atitude de uma f\u00e9 madura que nos educa para a justi\u00e7a e partilha, pois quando h\u00e1 perseveran\u00e7a no ato da devolu\u00e7\u00e3o os crist\u00e3os descobrem com alegria que atrav\u00e9s do seu d\u00edzimo, a comunidade cresce e nela se percebe a abundancia das gra\u00e7as do Senhor.<\/em><\/p>\n<p><em>Quando nos abrimos&nbsp; ao primeiro mandamento &#8221; Amai a Deus sobre todas as coisas e ao pr\u00f3ximo como a ti mesmo &#8221; descobrimos com alegria o quanto somos amado, protegidos e enxergamos as maravilhas realizadas em nossas vidas, o d\u00edzimo ent\u00e3o torna-se b\u00ean\u00e7\u00e3os e prosperidade pessoal e comunit\u00e1ria. &#8221; Eram perseverantes na Eucaristia e partilha do P\u00e3o.&#8221;<\/em><\/p>\n<p><em>Sejam dizimistas fieis&nbsp; &nbsp; &nbsp; &nbsp; &nbsp; &nbsp; &nbsp; &nbsp; &nbsp; &nbsp; &nbsp; &nbsp; &nbsp; &nbsp; <\/em><\/p>\n<p><em>&nbsp;Por: Pastoral do D\u00edzimo-Par\u00f3quia Santa Rita de C\u00e1ssia de Itabuna (BA)<\/em><\/p>\n<p><em>&nbsp;<\/em><\/p>\n","protected":false},"excerpt":{"rendered":"<p>Irm\u00e3os a comunidade \u00e9 lugar onde vivemos e assumimos a dimens\u00e3o da nossa f\u00e9, pois nela, a diversidade dos dons s\u00e3o colocados a servi\u00e7o da constru\u00e7\u00e3o do reino celestial. A comunidade cresce quando colocamos em comum os nossos dons e capacidades, quando realmente todos se ajudam mutualmente e se responsabilizam uns pelos outros. Pois a&nbsp;<\/p>\n<p><a class=\"btn btn-style\" href=\"http:\/\/portalcatolico.net\/portal\/mens-dizimo-educar-para-a-partilha-e-vida-comunitaria\/\">Continue Reading<\/a><\/p>\n","protected":false},"author":2,"featured_media":57224,"comment_status":"open","ping_status":"open","sticky":false,"template":"","format":"standard","meta":{"footnotes":""},"categories":[69],"tags":[],"class_list":["post-57442","post","type-post","status-publish","format-standard","has-post-thumbnail","hentry","category-artigos"],"_links":{"self":[{"href":"http:\/\/portalcatolico.net\/portal\/wp-json\/wp\/v2\/posts\/57442","targetHints":{"allow":["GET"]}}],"collection":[{"href":"http:\/\/portalcatolico.net\/portal\/wp-json\/wp\/v2\/posts"}],"about":[{"href":"http:\/\/portalcatolico.net\/portal\/wp-json\/wp\/v2\/types\/post"}],"author":[{"embeddable":true,"href":"http:\/\/portalcatolico.net\/portal\/wp-json\/wp\/v2\/users\/2"}],"replies":[{"embeddable":true,"href":"http:\/\/portalcatolico.net\/portal\/wp-json\/wp\/v2\/comments?post=57442"}],"version-history":[{"count":1,"href":"http:\/\/portalcatolico.net\/portal\/wp-json\/wp\/v2\/posts\/57442\/revisions"}],"predecessor-version":[{"id":57443,"href":"http:\/\/portalcatolico.net\/portal\/wp-json\/wp\/v2\/posts\/57442\/revisions\/57443"}],"wp:featuredmedia":[{"embeddable":true,"href":"http:\/\/portalcatolico.net\/portal\/wp-json\/wp\/v2\/media\/57224"}],"wp:attachment":[{"href":"http:\/\/portalcatolico.net\/portal\/wp-json\/wp\/v2\/media?parent=57442"}],"wp:term":[{"taxonomy":"category","embeddable":true,"href":"http:\/\/portalcatolico.net\/portal\/wp-json\/wp\/v2\/categories?post=57442"},{"taxonomy":"post_tag","embeddable":true,"href":"http:\/\/portalcatolico.net\/portal\/wp-json\/wp\/v2\/tags?post=57442"}],"curies":[{"name":"wp","href":"https:\/\/api.w.org\/{rel}","templated":true}]}}