{"id":57439,"date":"2018-07-28T21:20:25","date_gmt":"2018-07-29T00:20:25","guid":{"rendered":"http:\/\/portalcatolico.net\/portal\/?p=57439"},"modified":"2018-07-28T21:21:32","modified_gmt":"2018-07-29T00:21:32","slug":"seminarista-italo-faz-estagio-pastoral-na-comunidade-nossa-senhora-de-fatima-em-colonia-de-una-ba","status":"publish","type":"post","link":"http:\/\/portalcatolico.net\/portal\/seminarista-italo-faz-estagio-pastoral-na-comunidade-nossa-senhora-de-fatima-em-colonia-de-una-ba\/","title":{"rendered":"SEMINARISTA ITALO FAZ EST\u00c1GIO PASTORAL NA COMUNIDADE NOSSA SENHORA DE F\u00c1TIMA EM COL\u00d4NIA DE UNA\/BA"},"content":{"rendered":"<p>O seminarista Italo realizou est\u00e1gio pastoral na Comunidade Nossa Senhora de F\u00e1tima em Col\u00f4nia de Una\/BA. Durante sua passagem pela comunidade o seminarista realizou forma\u00e7\u00f5es com os grupos, catequese, liturgia, pastoral do d\u00edzimo, ter\u00e7o com os homens e apostolado da ora\u00e7\u00e3o, al\u00e9m de visitas aos doentes.<br \/>\nA pastoral \u00e9 de grande import\u00e2ncia..<span style=\"color: #ff0000;\"><a href=\"http:\/\/www.paroquiadesaojoseunaba.com.br\/2018\/07\/seminarista-italo-faz-estagio-pastoral.html\">CONTINUAR LEND<\/a>O<\/span><\/p>\n","protected":false},"excerpt":{"rendered":"<p>O seminarista Italo realizou est\u00e1gio pastoral na Comunidade Nossa Senhora de F\u00e1tima em Col\u00f4nia de Una\/BA. Durante sua passagem pela comunidade o seminarista realizou forma\u00e7\u00f5es com os grupos, catequese, liturgia, pastoral do d\u00edzimo, ter\u00e7o com os homens e apostolado da ora\u00e7\u00e3o, al\u00e9m de visitas aos doentes. A pastoral \u00e9 de grande import\u00e2ncia..CONTINUAR LENDO<\/p>\n","protected":false},"author":2,"featured_media":57440,"comment_status":"open","ping_status":"open","sticky":false,"template":"","format":"standard","meta":{"footnotes":""},"categories":[4],"tags":[],"class_list":["post-57439","post","type-post","status-publish","format-standard","has-post-thumbnail","hentry","category-destaques"],"_links":{"self":[{"href":"http:\/\/portalcatolico.net\/portal\/wp-json\/wp\/v2\/posts\/57439","targetHints":{"allow":["GET"]}}],"collection":[{"href":"http:\/\/portalcatolico.net\/portal\/wp-json\/wp\/v2\/posts"}],"about":[{"href":"http:\/\/portalcatolico.net\/portal\/wp-json\/wp\/v2\/types\/post"}],"author":[{"embeddable":true,"href":"http:\/\/portalcatolico.net\/portal\/wp-json\/wp\/v2\/users\/2"}],"replies":[{"embeddable":true,"href":"http:\/\/portalcatolico.net\/portal\/wp-json\/wp\/v2\/comments?post=57439"}],"version-history":[{"count":1,"href":"http:\/\/portalcatolico.net\/portal\/wp-json\/wp\/v2\/posts\/57439\/revisions"}],"predecessor-version":[{"id":57441,"href":"http:\/\/portalcatolico.net\/portal\/wp-json\/wp\/v2\/posts\/57439\/revisions\/57441"}],"wp:featuredmedia":[{"embeddable":true,"href":"http:\/\/portalcatolico.net\/portal\/wp-json\/wp\/v2\/media\/57440"}],"wp:attachment":[{"href":"http:\/\/portalcatolico.net\/portal\/wp-json\/wp\/v2\/media?parent=57439"}],"wp:term":[{"taxonomy":"category","embeddable":true,"href":"http:\/\/portalcatolico.net\/portal\/wp-json\/wp\/v2\/categories?post=57439"},{"taxonomy":"post_tag","embeddable":true,"href":"http:\/\/portalcatolico.net\/portal\/wp-json\/wp\/v2\/tags?post=57439"}],"curies":[{"name":"wp","href":"https:\/\/api.w.org\/{rel}","templated":true}]}}