{"id":57435,"date":"2018-07-27T22:50:06","date_gmt":"2018-07-28T01:50:06","guid":{"rendered":"http:\/\/portalcatolico.net\/portal\/?p=57435"},"modified":"2018-07-27T22:50:06","modified_gmt":"2018-07-28T01:50:06","slug":"pastoral-familiar-realiza-caruru-em-itabuna","status":"publish","type":"post","link":"http:\/\/portalcatolico.net\/portal\/pastoral-familiar-realiza-caruru-em-itabuna\/","title":{"rendered":"Pastoral Familiar realiza caruru em Itabuna"},"content":{"rendered":"<div dir=\"auto\">A Pastoral Familiar Diocesana da Diocese de Itabuna, no sul da Bahia, est\u00e1 promovendo amanh\u00e3, dia 28, \u00e0s 12h, na Par\u00f3quia Santa Maria Goretti, um delicioso caruru com valor de 10 reais.&nbsp;<\/div>\n<div dir=\"auto\">Toda a renda ser\u00e1 em prol da Semana da Fam\u00edlia. A Semana \u00e9 promovida anualmente pela Confer\u00eancia Nacional dos Bispos do Brasil (CNBB) e pela Pastoral Familiar em todo o pa\u00eds.<\/div>\n<div dir=\"auto\">A Semana Nacional da Fam\u00edlia j\u00e1 tem data para acontecer: 12 a 18 de agosto de 2018. Sendo uma comemora\u00e7\u00e3o a n\u00edvel nacional, Dioceses em todo o Brasil se organizam para promover atividades em sua realidade particular.<\/div>\n","protected":false},"excerpt":{"rendered":"<p>A Pastoral Familiar Diocesana da Diocese de Itabuna, no sul da Bahia, est\u00e1 promovendo amanh\u00e3, dia 28, \u00e0s 12h, na Par\u00f3quia Santa Maria Goretti, um delicioso caruru com valor de 10 reais.&nbsp; Toda a renda ser\u00e1 em prol da Semana da Fam\u00edlia. A Semana \u00e9 promovida anualmente pela Confer\u00eancia Nacional dos Bispos do Brasil (CNBB)&nbsp;<\/p>\n<p><a class=\"btn btn-style\" href=\"http:\/\/portalcatolico.net\/portal\/pastoral-familiar-realiza-caruru-em-itabuna\/\">Continue Reading<\/a><\/p>\n","protected":false},"author":2,"featured_media":57437,"comment_status":"open","ping_status":"open","sticky":false,"template":"","format":"standard","meta":{"footnotes":""},"categories":[1],"tags":[],"class_list":["post-57435","post","type-post","status-publish","format-standard","has-post-thumbnail","hentry","category-agenda"],"_links":{"self":[{"href":"http:\/\/portalcatolico.net\/portal\/wp-json\/wp\/v2\/posts\/57435","targetHints":{"allow":["GET"]}}],"collection":[{"href":"http:\/\/portalcatolico.net\/portal\/wp-json\/wp\/v2\/posts"}],"about":[{"href":"http:\/\/portalcatolico.net\/portal\/wp-json\/wp\/v2\/types\/post"}],"author":[{"embeddable":true,"href":"http:\/\/portalcatolico.net\/portal\/wp-json\/wp\/v2\/users\/2"}],"replies":[{"embeddable":true,"href":"http:\/\/portalcatolico.net\/portal\/wp-json\/wp\/v2\/comments?post=57435"}],"version-history":[{"count":1,"href":"http:\/\/portalcatolico.net\/portal\/wp-json\/wp\/v2\/posts\/57435\/revisions"}],"predecessor-version":[{"id":57438,"href":"http:\/\/portalcatolico.net\/portal\/wp-json\/wp\/v2\/posts\/57435\/revisions\/57438"}],"wp:featuredmedia":[{"embeddable":true,"href":"http:\/\/portalcatolico.net\/portal\/wp-json\/wp\/v2\/media\/57437"}],"wp:attachment":[{"href":"http:\/\/portalcatolico.net\/portal\/wp-json\/wp\/v2\/media?parent=57435"}],"wp:term":[{"taxonomy":"category","embeddable":true,"href":"http:\/\/portalcatolico.net\/portal\/wp-json\/wp\/v2\/categories?post=57435"},{"taxonomy":"post_tag","embeddable":true,"href":"http:\/\/portalcatolico.net\/portal\/wp-json\/wp\/v2\/tags?post=57435"}],"curies":[{"name":"wp","href":"https:\/\/api.w.org\/{rel}","templated":true}]}}