{"id":57427,"date":"2018-07-27T11:48:14","date_gmt":"2018-07-27T14:48:14","guid":{"rendered":"http:\/\/portalcatolico.net\/portal\/?p=57427"},"modified":"2018-07-29T19:05:25","modified_gmt":"2018-07-29T22:05:25","slug":"catolicos-sao-homenageados-com-titulos-de-cidadaos-itabunenses-confira","status":"publish","type":"post","link":"http:\/\/portalcatolico.net\/portal\/catolicos-sao-homenageados-com-titulos-de-cidadaos-itabunenses-confira\/","title":{"rendered":"Cat\u00f3licos s\u00e3o homenageados com T\u00edtulos de Cidad\u00e3os Itabunenses. Confira!"},"content":{"rendered":"<p style=\"font-weight: 400;\">Em comemora\u00e7\u00e3o aos 108 anos de Itabuna, que ser\u00e3o comemorados no dia 28 de julho, o Legislativo concedeu T\u00edtulos&nbsp;de Cidadania Itabunense, na sess\u00e3o solene que aconteceu nesta quinta-feira (26) na Associa\u00e7\u00e3o Atl\u00e9tica do Banco do Brasil (AABB), em Itabuna (BA).<\/p>\n<p style=\"font-weight: 400;\">Na oportunidade, foram entregues&nbsp;T\u00edtulos de Cidad\u00e3os Itabunenses a personalidades que prestam servi\u00e7os&nbsp;relevantes ao Munic\u00edpio.<\/p>\n<p style=\"font-weight: 400;\">Essa cerim\u00f4nia acontece na cidade&nbsp;atrav\u00e9s da C\u00e2mara de Vereadores e foi oferecida aos religiosos pelo&nbsp;Vereador Enderson Guinho. Segundo ele, para poder receber um t\u00edtulo de Cidad\u00e3o Itabunense, a pessoa n\u00e3o deve ter nascido na cidade de Itabuna e precisa ter um trabalho de destaque no Munic\u00edpio, no Estado ou na Uni\u00e3o. Logo, uma pessoa que teve um trabalho de grande destaque, mas que tenha nascido em Itabuna, recebe uma medalha de honra ao m\u00e9rito.<\/p>\n<p style=\"font-weight: 400;\">O padre e bispo da Diocese de Itabuna&nbsp; foram homenageados e tiveram seus&nbsp;trabalhos reconhecidos neste tipo de evento. Foram eles: Padre Manoel&nbsp;Carlos Jesus Cruz (p\u00e1roco da Par\u00f3quia Senhor do Bonfim, do bairro Jardim&nbsp;Primavera ) e o Bispo da Diocese de Itabuna, Dom Carlos Alberto&nbsp;dos Santos (que n\u00e3o p\u00f4de comparecer,&nbsp; e em seu lugar, foi enviado o Pe. Monsenhor Nicolau Klak, vig\u00e1rio&nbsp;geral da Diocese de Itabuna).<\/p>\n<p style=\"font-weight: 400;\">Padre Manoel Carlos se mostrou emocionado com a homenagem: &#8220;Pra mim, \u00e9 uma coisa muito importante porque quando a gente mora numa cidade, trabalha numa cidade, tem uma coisa. E quando voc\u00ea se torna cidad\u00e3o daquela cidade, a\u00ed realmente muda muita coisa na sua vida. Eu t\u00f4 me sentindo muito feliz e honrado com esse t\u00edtulo. Ent\u00e3o, agora eu sou tamb\u00e9m um itabunense, eu sou da cidade grapi\u00fana!&#8221;<\/p>\n<p style=\"font-weight: 400;\">Os homenageados foram indicados por Enderson Guinho. Na ocasi\u00e3o, ele justificou por que escolheu esses dois religiosos para serem homenageados: &#8220;Por eu ter sa\u00eddo da Igreja Cat\u00f3lica&nbsp;&nbsp;e ainda estar nela (ser do seio da Igreja, ser agente de pastoral), eu sei da import\u00e2ncia dos religiosos&nbsp;&nbsp;na vida da sua comunidade e da sua import\u00e2ncia para o pa\u00eds. Eu sempre venho dizendo que se n\u00e3o fosse a Igreja, n\u00f3s estar\u00edamos muito pior, porque a Igreja, muitas vezes, ela faz o papel do Estado: ela cuida, tira os jovens das drogas, da marginalidade, cuida das fam\u00edlias, e faz realmente um trabalho social que o Estado deveria fazer. Ent\u00e3o, com isso eu escolhi dois religiosos&nbsp;&nbsp;que t\u00eam uma representa\u00e7\u00e3o em nosso Munic\u00edpio, em especial, Dom Carlos Alberto, que hoje representa todos os cat\u00f3licos itabunenses&#8221;.&nbsp;<\/p>\n<p>Ao todo, foram quarenta e tr\u00eas homenageados, entre eles, o vereador da&nbsp; cidade de Salvador e pr\u00e9- candidato a deputado federal, Joseval&nbsp;Rodrigues dos Santos, que&nbsp;&nbsp;\u00e9 membro da Renova\u00e7\u00e3o Carism\u00e1tica Cat\u00f3lica, na&nbsp;Arquidiocese de Salvador. A homenagem foi feita pelo vereador Jaridson Valete Pires, mais conhecido como Ninho Valete.<img loading=\"lazy\" decoding=\"async\" class=\"wp-image-57431 aligncenter\" src=\"http:\/\/portalcatolico.net\/portal\/wp-content\/uploads\/2018\/07\/IMG_0033-2-300x200.jpg\" alt=\"\" width=\"819\" height=\"546\" srcset=\"http:\/\/portalcatolico.net\/portal\/wp-content\/uploads\/2018\/07\/IMG_0033-2-300x200.jpg 300w, http:\/\/portalcatolico.net\/portal\/wp-content\/uploads\/2018\/07\/IMG_0033-2-768x512.jpg 768w, http:\/\/portalcatolico.net\/portal\/wp-content\/uploads\/2018\/07\/IMG_0033-2.jpg 1000w\" sizes=\"auto, (max-width: 819px) 100vw, 819px\" \/><\/p>\n<p style=\"font-weight: 400;\">O Portal Cat\u00f3lico parabeniza os homenageados&nbsp;que tiveram merecidamente seus trabalhos valorizados e&nbsp;reconhecidos por meio de um T\u00edtulo e uma celebra\u00e7\u00e3o honrosa. Com&nbsp;certeza, Itabuna torna-se uma cidade melhor, com o apoio desses homens&nbsp;que fazem suas miss\u00f5es com amor e dedica\u00e7\u00e3o baseadas na palavra de Deus.<\/p>\n<p>Reportagem e fotos: Valdeni Elias<\/p>\n<p>Edi\u00e7\u00e3o de texto: Anara Passos (Jornalista DRT 7574)<\/p>\n<p style=\"font-weight: 400;\">Confira todas as fotos da solenidade e aproveite para curtir e&nbsp;compartilhar as nossas reportagens.<a href=\"https:\/\/www.facebook.com\/portalcatolicooficial\"><span style=\"color: #ff0000;\">CLIQUE AQUI<\/span><\/a><\/p>\n","protected":false},"excerpt":{"rendered":"<p>Em comemora\u00e7\u00e3o aos 108 anos de Itabuna, que ser\u00e3o comemorados no dia 28 de julho, o Legislativo concedeu T\u00edtulos&nbsp;de Cidadania Itabunense, na sess\u00e3o solene que aconteceu nesta quinta-feira (26) na Associa\u00e7\u00e3o Atl\u00e9tica do Banco do Brasil (AABB), em Itabuna (BA). Na oportunidade, foram entregues&nbsp;T\u00edtulos de Cidad\u00e3os Itabunenses a personalidades que prestam servi\u00e7os&nbsp;relevantes ao Munic\u00edpio. Essa&nbsp;<\/p>\n<p><a class=\"btn btn-style\" href=\"http:\/\/portalcatolico.net\/portal\/catolicos-sao-homenageados-com-titulos-de-cidadaos-itabunenses-confira\/\">Continue Reading<\/a><\/p>\n","protected":false},"author":2,"featured_media":57430,"comment_status":"open","ping_status":"open","sticky":false,"template":"","format":"standard","meta":{"footnotes":""},"categories":[65],"tags":[],"class_list":["post-57427","post","type-post","status-publish","format-standard","has-post-thumbnail","hentry","category-entrevistas"],"_links":{"self":[{"href":"http:\/\/portalcatolico.net\/portal\/wp-json\/wp\/v2\/posts\/57427","targetHints":{"allow":["GET"]}}],"collection":[{"href":"http:\/\/portalcatolico.net\/portal\/wp-json\/wp\/v2\/posts"}],"about":[{"href":"http:\/\/portalcatolico.net\/portal\/wp-json\/wp\/v2\/types\/post"}],"author":[{"embeddable":true,"href":"http:\/\/portalcatolico.net\/portal\/wp-json\/wp\/v2\/users\/2"}],"replies":[{"embeddable":true,"href":"http:\/\/portalcatolico.net\/portal\/wp-json\/wp\/v2\/comments?post=57427"}],"version-history":[{"count":6,"href":"http:\/\/portalcatolico.net\/portal\/wp-json\/wp\/v2\/posts\/57427\/revisions"}],"predecessor-version":[{"id":57452,"href":"http:\/\/portalcatolico.net\/portal\/wp-json\/wp\/v2\/posts\/57427\/revisions\/57452"}],"wp:featuredmedia":[{"embeddable":true,"href":"http:\/\/portalcatolico.net\/portal\/wp-json\/wp\/v2\/media\/57430"}],"wp:attachment":[{"href":"http:\/\/portalcatolico.net\/portal\/wp-json\/wp\/v2\/media?parent=57427"}],"wp:term":[{"taxonomy":"category","embeddable":true,"href":"http:\/\/portalcatolico.net\/portal\/wp-json\/wp\/v2\/categories?post=57427"},{"taxonomy":"post_tag","embeddable":true,"href":"http:\/\/portalcatolico.net\/portal\/wp-json\/wp\/v2\/tags?post=57427"}],"curies":[{"name":"wp","href":"https:\/\/api.w.org\/{rel}","templated":true}]}}