{"id":57423,"date":"2018-07-27T06:46:41","date_gmt":"2018-07-27T09:46:41","guid":{"rendered":"http:\/\/portalcatolico.net\/portal\/?p=57423"},"modified":"2018-07-27T06:47:15","modified_gmt":"2018-07-27T09:47:15","slug":"convite-diacono-frei-marconi-sera-ordenado-padre-em-eunapolis","status":"publish","type":"post","link":"http:\/\/portalcatolico.net\/portal\/convite-diacono-frei-marconi-sera-ordenado-padre-em-eunapolis\/","title":{"rendered":"Convite- Di\u00e1cono Frei Marconi ser\u00e1 ordenado padre em Eun\u00e1polis"},"content":{"rendered":"<p style=\"font-weight: 400;\">O Di\u00e1cono Frei Marconi Ramos da Silva, MsS ser\u00e1 ordenado padre no dia&nbsp;28 de julho e voc\u00ea est\u00e1 convidado prestigiar as primeiras&nbsp;&nbsp;Celebra\u00e7\u00f5es&nbsp; Eucar\u00edsticas presididas por ele, em Eun\u00e1polis, no dia 29, na&nbsp; par\u00f3quia Santa&nbsp;Isabel, no bairro Santa Isabel , \u00e0s 7h30.<\/p>\n<p style=\"font-weight: 400;\">J\u00e1 em&nbsp; Itabuna, tamb\u00e9m no dia 29, \u00e0s 19h, a Celebra\u00e7\u00e3o acontecer\u00e1 na&nbsp; Par\u00f3quia Nossa&nbsp;Senhora da Piedade, situada no bairro Maria Pinheiro.<\/p>\n<p>Foto:Reprodu\u00e7\u00e3o\/Facebook<\/p>\n<p>Participe!<\/p>\n","protected":false},"excerpt":{"rendered":"<p>O Di\u00e1cono Frei Marconi Ramos da Silva, MsS ser\u00e1 ordenado padre no dia&nbsp;28 de julho e voc\u00ea est\u00e1 convidado prestigiar as primeiras&nbsp;&nbsp;Celebra\u00e7\u00f5es&nbsp; Eucar\u00edsticas presididas por ele, em Eun\u00e1polis, no dia 29, na&nbsp; par\u00f3quia Santa&nbsp;Isabel, no bairro Santa Isabel , \u00e0s 7h30. J\u00e1 em&nbsp; Itabuna, tamb\u00e9m no dia 29, \u00e0s 19h, a Celebra\u00e7\u00e3o acontecer\u00e1 na&nbsp; Par\u00f3quia&nbsp;<\/p>\n<p><a class=\"btn btn-style\" href=\"http:\/\/portalcatolico.net\/portal\/convite-diacono-frei-marconi-sera-ordenado-padre-em-eunapolis\/\">Continue Reading<\/a><\/p>\n","protected":false},"author":2,"featured_media":57424,"comment_status":"open","ping_status":"open","sticky":false,"template":"","format":"standard","meta":{"footnotes":""},"categories":[1],"tags":[],"class_list":["post-57423","post","type-post","status-publish","format-standard","has-post-thumbnail","hentry","category-agenda"],"_links":{"self":[{"href":"http:\/\/portalcatolico.net\/portal\/wp-json\/wp\/v2\/posts\/57423","targetHints":{"allow":["GET"]}}],"collection":[{"href":"http:\/\/portalcatolico.net\/portal\/wp-json\/wp\/v2\/posts"}],"about":[{"href":"http:\/\/portalcatolico.net\/portal\/wp-json\/wp\/v2\/types\/post"}],"author":[{"embeddable":true,"href":"http:\/\/portalcatolico.net\/portal\/wp-json\/wp\/v2\/users\/2"}],"replies":[{"embeddable":true,"href":"http:\/\/portalcatolico.net\/portal\/wp-json\/wp\/v2\/comments?post=57423"}],"version-history":[{"count":2,"href":"http:\/\/portalcatolico.net\/portal\/wp-json\/wp\/v2\/posts\/57423\/revisions"}],"predecessor-version":[{"id":57426,"href":"http:\/\/portalcatolico.net\/portal\/wp-json\/wp\/v2\/posts\/57423\/revisions\/57426"}],"wp:featuredmedia":[{"embeddable":true,"href":"http:\/\/portalcatolico.net\/portal\/wp-json\/wp\/v2\/media\/57424"}],"wp:attachment":[{"href":"http:\/\/portalcatolico.net\/portal\/wp-json\/wp\/v2\/media?parent=57423"}],"wp:term":[{"taxonomy":"category","embeddable":true,"href":"http:\/\/portalcatolico.net\/portal\/wp-json\/wp\/v2\/categories?post=57423"},{"taxonomy":"post_tag","embeddable":true,"href":"http:\/\/portalcatolico.net\/portal\/wp-json\/wp\/v2\/tags?post=57423"}],"curies":[{"name":"wp","href":"https:\/\/api.w.org\/{rel}","templated":true}]}}