{"id":57419,"date":"2018-07-26T23:02:15","date_gmt":"2018-07-27T02:02:15","guid":{"rendered":"http:\/\/portalcatolico.net\/portal\/?p=57419"},"modified":"2018-07-26T23:04:30","modified_gmt":"2018-07-27T02:04:30","slug":"parabens-dom-carlos-alberto-3","status":"publish","type":"post","link":"http:\/\/portalcatolico.net\/portal\/parabens-dom-carlos-alberto-3\/","title":{"rendered":"Parab\u00e9ns, Dom Carlos Alberto!"},"content":{"rendered":"<p>A Diocese de Itabuna, no sul da Bahia, est\u00e1 em festa! Hoje (26), o bispo&nbsp;diocesano Dom Carlos Alberto dos Santos comemora 13&nbsp; anos de vida&nbsp;episcopal. Ele, em sua humilde voca\u00e7\u00e3o, se disp\u00f4s a servir em nome&nbsp;de Jesus e colaborar para o crescimento do Reino de Deus por meio de seu&nbsp;Evangelho, doando-se de corpo, alma e cora\u00e7\u00e3o a este Minist\u00e9rio de amor,&nbsp;f\u00e9 e adora\u00e7\u00e3o. Colocou sua vida &#8220;frente a frente com o Reino&#8221; acolhendo&nbsp;o chamado ao servi\u00e7o nos tr\u00eas graus do sacramento da Ordem. Como&nbsp;di\u00e1cono, fazendo-se servidor; sendo presb\u00edtero, para se tornar mais&nbsp;&#8220;parecido com Jesus&#8221;; e, continuando sua linda caminhada de amor pelo&nbsp;Reino de Deus, foi escolhido para o Episcopado, sinal de Unidade&nbsp;Apost\u00f3lica em Jesus.<\/p>\n<p>Dom Carlos Alberto dos Santos foi&nbsp; ordenado padre em 1983, em Tobias&nbsp;Barreto (SE), nomeado bispo em 15 de&nbsp;junho de 2005 e ordenado em 26 de julho do mesmo ano, em Aracaju (SE).<\/p>\n<p>Dom Carlos cursou Filosofia em Lorena (SP) e Teologia no&nbsp;Instituto Salesiano Pio XI, em S\u00e3o Paulo (SP). Em sua trajet\u00f3ria antes&nbsp;do episcopado, j\u00e1 atuou como reitor do semin\u00e1rio provincial Nossa&nbsp;Senhora da Concei\u00e7\u00e3o, em Aracaju (SE). Tamb\u00e9m foi respons\u00e1vel pela&nbsp;Pastoral Vocacional da arquidiocese de Aracaju (SE), assim como j\u00e1 foi&nbsp;membro do Conselho Presbiteral, do Col\u00e9gio de Consultores e assistente&nbsp;espiritual arquidiocesano do Apostolado da Ora\u00e7\u00e3o.<br \/>\nEm junho de 2005, foi nomeado por Bento XVI Bispo para a&nbsp; Diocese de&nbsp;Teixeira de Freitas-Caravelas(BA). Sua ordena\u00e7\u00e3o episcopal aconteceu em 26&nbsp;de julho daquele mesmo ano e seu lema episcopal \u00e9 &#8220;Per Mariam ad&nbsp;eucharistiam&#8221;.<br \/>\nEm solene celebra\u00e7\u00e3o na Catedral de S\u00e3o Jos\u00e9, Dom Carlos Alberto tomou&nbsp;posse como 5\u00ba bispo na Diocese de Itabuna no dia 7 de abril de 2017.<\/p>\n","protected":false},"excerpt":{"rendered":"<p>A Diocese de Itabuna, no sul da Bahia, est\u00e1 em festa! Hoje (26), o bispo&nbsp;diocesano Dom Carlos Alberto dos Santos comemora 13&nbsp; anos de vida&nbsp;episcopal. Ele, em sua humilde voca\u00e7\u00e3o, se disp\u00f4s a servir em nome&nbsp;de Jesus e colaborar para o crescimento do Reino de Deus por meio de seu&nbsp;Evangelho, doando-se de corpo, alma e&nbsp;<\/p>\n<p><a class=\"btn btn-style\" href=\"http:\/\/portalcatolico.net\/portal\/parabens-dom-carlos-alberto-3\/\">Continue Reading<\/a><\/p>\n","protected":false},"author":2,"featured_media":55437,"comment_status":"open","ping_status":"open","sticky":false,"template":"","format":"standard","meta":{"footnotes":""},"categories":[4],"tags":[],"class_list":["post-57419","post","type-post","status-publish","format-standard","has-post-thumbnail","hentry","category-destaques"],"_links":{"self":[{"href":"http:\/\/portalcatolico.net\/portal\/wp-json\/wp\/v2\/posts\/57419","targetHints":{"allow":["GET"]}}],"collection":[{"href":"http:\/\/portalcatolico.net\/portal\/wp-json\/wp\/v2\/posts"}],"about":[{"href":"http:\/\/portalcatolico.net\/portal\/wp-json\/wp\/v2\/types\/post"}],"author":[{"embeddable":true,"href":"http:\/\/portalcatolico.net\/portal\/wp-json\/wp\/v2\/users\/2"}],"replies":[{"embeddable":true,"href":"http:\/\/portalcatolico.net\/portal\/wp-json\/wp\/v2\/comments?post=57419"}],"version-history":[{"count":3,"href":"http:\/\/portalcatolico.net\/portal\/wp-json\/wp\/v2\/posts\/57419\/revisions"}],"predecessor-version":[{"id":57422,"href":"http:\/\/portalcatolico.net\/portal\/wp-json\/wp\/v2\/posts\/57419\/revisions\/57422"}],"wp:featuredmedia":[{"embeddable":true,"href":"http:\/\/portalcatolico.net\/portal\/wp-json\/wp\/v2\/media\/55437"}],"wp:attachment":[{"href":"http:\/\/portalcatolico.net\/portal\/wp-json\/wp\/v2\/media?parent=57419"}],"wp:term":[{"taxonomy":"category","embeddable":true,"href":"http:\/\/portalcatolico.net\/portal\/wp-json\/wp\/v2\/categories?post=57419"},{"taxonomy":"post_tag","embeddable":true,"href":"http:\/\/portalcatolico.net\/portal\/wp-json\/wp\/v2\/tags?post=57419"}],"curies":[{"name":"wp","href":"https:\/\/api.w.org\/{rel}","templated":true}]}}