{"id":57410,"date":"2018-07-25T23:18:57","date_gmt":"2018-07-26T02:18:57","guid":{"rendered":"http:\/\/portalcatolico.net\/portal\/?p=57410"},"modified":"2018-07-26T17:36:15","modified_gmt":"2018-07-26T20:36:15","slug":"sao-cristovao-e-celebrado-com-carreata-em-itabuna","status":"publish","type":"post","link":"http:\/\/portalcatolico.net\/portal\/sao-cristovao-e-celebrado-com-carreata-em-itabuna\/","title":{"rendered":"S\u00e3o Crist\u00f3v\u00e3o \u00e9 celebrado com carreata em Itabuna"},"content":{"rendered":"<p style=\"font-weight: 400;\"><img loading=\"lazy\" decoding=\"async\" class=\" wp-image-57416 alignright\" src=\"http:\/\/portalcatolico.net\/portal\/wp-content\/uploads\/2018\/07\/37757646_866928080184869_4460386286368194560_n-300x200.jpg\" alt=\"\" width=\"374\" height=\"249\" srcset=\"http:\/\/portalcatolico.net\/portal\/wp-content\/uploads\/2018\/07\/37757646_866928080184869_4460386286368194560_n-300x200.jpg 300w, http:\/\/portalcatolico.net\/portal\/wp-content\/uploads\/2018\/07\/37757646_866928080184869_4460386286368194560_n-768x512.jpg 768w, http:\/\/portalcatolico.net\/portal\/wp-content\/uploads\/2018\/07\/37757646_866928080184869_4460386286368194560_n.jpg 960w\" sizes=\"auto, (max-width: 374px) 100vw, 374px\" \/>Hoje (25) \u00e9 comemorado o Dia de S\u00e3o Crist\u00f3v\u00e3o. Em Itabuna, o dia do padroeiro dos motoristas e viajantes foi celebrado com missa e carreata pelas ruas da cidade.<\/p>\n<p style=\"font-weight: 400;\">O tema&nbsp;central da festa foi: &#8220;S\u00e3o Crist\u00f3v\u00e3o, exemplo de Leigo na Miss\u00e3o de&nbsp;<br \/>\nJesus&#8221;. O Tr\u00edduo em prepara\u00e7\u00e3o ao santo teve in\u00edcio no dia 22 deste m\u00eas.<\/p>\n<p style=\"font-weight: 400;\">Nesta quarta-feira, \u00e0s 15h30, o padre Tony&nbsp;Val\u00e9rio, aben\u00e7oou os ve\u00edculos, os motoristas e as chaves de alguns&nbsp;ve\u00edculos. Em seguida, uma carreata, com a Imagem do santo,saiu da Par\u00f3quia Santa Maria Madalena, no&nbsp;bairro Nova Itabuna, em dire\u00e7\u00e3o \u00e0s principais avenidas da&nbsp;cidade, passando tamb\u00e9m pela BR 101 e BR 415, at\u00e9 a chegada na Capela do santo que fica situada no&nbsp;bairro Manoel Le\u00e3o. A carreata teve mais&nbsp; de uma hora e foi&nbsp; acompanhada&nbsp;pelas empresas do transporte coletivo da cidade e do transporte&nbsp;&nbsp;rodovi\u00e1rio. E teve o apoio da Pol\u00edcia Rodovi\u00e1ria Federal, Estadual e&nbsp;Sesttran.&nbsp;<\/p>\n<p style=\"font-weight: 400;\">\u00c0s 17h foi realizada uma Celebra\u00e7\u00e3o Eucar\u00edstica&nbsp; que foi presidida pelo padre Tony Val\u00e9rio. Na oportunidade, ele disse: &#8220;O Evangelho de hoje veio nos falar que a miss\u00e3o do crist\u00e3o leigo \u00e0 exemplo de S\u00e3o Crist\u00f3v\u00e3o \u00e9 servir. Servir como pai, como m\u00e3e, como filho, como crist\u00e3o. \u00c9 servir \u00e0 Igreja (&#8230;)&#8221;<\/p>\n<p style=\"font-weight: 400;\"><strong>Conhe\u00e7a a hist\u00f3ria de S\u00e3o Crist\u00f3v\u00e3o<\/strong><\/p>\n<p style=\"font-weight: 400;\">S\u00e3o Crist\u00f3v\u00e3o \u00e9 o padroeiro dos viajantes e dos transportadores. Filho de um rei em Cana\u00e3, terra de pag\u00e3os, recebeu o nome de Reprobus. Quando cresceu tornou-se um homem muito alto e forte. Por isso, decidiu procurar homens mais fortes do que ele para servi-los. Encontrou um rei poderoso e forte, mas este tinha medo do diabo. Ent\u00e3o, Reprobus decidiu servir a outro que dizia ser o pr\u00f3prio satan\u00e1s. Por\u00e9m, observou que satan\u00e1s tinha medo da cruz e de tudo o que dizia respeito a Jesus Cristo. Por isso, Reprobus resolveu servir ao Senhor Jesus. Um monge catequizou-o na f\u00e9 crist\u00e3 e Reprobus foi batizado. Decidiu morar \u00e0 margem de um rio muito perigoso para fazer a travessia de pessoas, as quais levava em seus ombros. Certo dia transportou um menino que ficava cada vez mais pesado \u00e0 medida que Reprobus o levava. Reprobus sentia estar levando todo o peso do mundo em seus ombros. Ao final da travessia, o <img loading=\"lazy\" decoding=\"async\" class=\"wp-image-57415 alignleft\" src=\"http:\/\/portalcatolico.net\/portal\/wp-content\/uploads\/2018\/07\/37824412_866925830185094_5704343058787598336_n-300x200.jpg\" alt=\"\" width=\"338\" height=\"225\" srcset=\"http:\/\/portalcatolico.net\/portal\/wp-content\/uploads\/2018\/07\/37824412_866925830185094_5704343058787598336_n-300x200.jpg 300w, http:\/\/portalcatolico.net\/portal\/wp-content\/uploads\/2018\/07\/37824412_866925830185094_5704343058787598336_n-768x512.jpg 768w, http:\/\/portalcatolico.net\/portal\/wp-content\/uploads\/2018\/07\/37824412_866925830185094_5704343058787598336_n.jpg 960w\" sizes=\"auto, (max-width: 338px) 100vw, 338px\" \/>menino revelou ser o pr\u00f3prio Jesus, que confirmou-lhe a f\u00e9 e a miss\u00e3o humilde de atravessar pessoas no rio perigoso. Da\u00ed o nome &#8220;Crist\u00f3v\u00e3o&#8221;, que significa: &#8220;Aquele que carrega Cristo&#8221;. A partir de ent\u00e3o, S\u00e3o Crist\u00f3v\u00e3o via em todos os que atravessava a pessoa de Jesus. O amor com que S\u00e3o Crist\u00f3v\u00e3o passou a exercer seu humilde servi\u00e7o converteu a muitos na regi\u00e3o. Por isso, ele foi preso. N\u00e3o renegando sua f\u00e9, foi martirizado. Por\u00e9m, S\u00e3o Crist\u00f3v\u00e3o se tornou um dos santos mais conhecidos em todo o mundo. Padroeiro dos motoristas Bem, voc\u00ea deve estar se perguntando o que fez com que ele virasse o padroeiro dos motoristas, certo? A verdade \u00e9 que o dia 25 de julho foi estabelecido como uma homenagem a quem trafega por esse pa\u00eds, pegando p\u00e9ssimas estradas para transportar cargas e pessoas. Nos dias de hoje, ser um motorista \u00e9 ainda mais dif\u00edcil, pois as estradas est\u00e3o mais violentas, o n\u00famero de acidentes aumentou e muitos motoristas s\u00e3o imprudentes. Cada um deles conta com a prote\u00e7\u00e3o e aux\u00edlio de S\u00e3o Crist\u00f3v\u00e3o, para que consigam carreg\u00e1-los no meio das estradas perigosas como fazia no rio perigoso que tinha onde morava. Com essa prote\u00e7\u00e3o, eles conseguem superar os desafios com mais facilidade.&nbsp;<\/p>\n<p>Confira as fotos na nossa pagina do Facebook. <a href=\"https:\/\/www.facebook.com\/portalcatolicooficial\"><span style=\"color: #ff0000;\">CLIQUE AQUI NA GALERIA DE FOTOS<\/span><\/a><\/p>\n","protected":false},"excerpt":{"rendered":"<p>Hoje (25) \u00e9 comemorado o Dia de S\u00e3o Crist\u00f3v\u00e3o. Em Itabuna, o dia do padroeiro dos motoristas e viajantes foi celebrado com missa e carreata pelas ruas da cidade. O tema&nbsp;central da festa foi: &#8220;S\u00e3o Crist\u00f3v\u00e3o, exemplo de Leigo na Miss\u00e3o de&nbsp; Jesus&#8221;. O Tr\u00edduo em prepara\u00e7\u00e3o ao santo teve in\u00edcio no dia 22 deste&nbsp;<\/p>\n<p><a class=\"btn btn-style\" href=\"http:\/\/portalcatolico.net\/portal\/sao-cristovao-e-celebrado-com-carreata-em-itabuna\/\">Continue Reading<\/a><\/p>\n","protected":false},"author":2,"featured_media":57414,"comment_status":"open","ping_status":"open","sticky":false,"template":"","format":"standard","meta":{"footnotes":""},"categories":[68],"tags":[],"class_list":["post-57410","post","type-post","status-publish","format-standard","has-post-thumbnail","hentry","category-homilias"],"_links":{"self":[{"href":"http:\/\/portalcatolico.net\/portal\/wp-json\/wp\/v2\/posts\/57410","targetHints":{"allow":["GET"]}}],"collection":[{"href":"http:\/\/portalcatolico.net\/portal\/wp-json\/wp\/v2\/posts"}],"about":[{"href":"http:\/\/portalcatolico.net\/portal\/wp-json\/wp\/v2\/types\/post"}],"author":[{"embeddable":true,"href":"http:\/\/portalcatolico.net\/portal\/wp-json\/wp\/v2\/users\/2"}],"replies":[{"embeddable":true,"href":"http:\/\/portalcatolico.net\/portal\/wp-json\/wp\/v2\/comments?post=57410"}],"version-history":[{"count":5,"href":"http:\/\/portalcatolico.net\/portal\/wp-json\/wp\/v2\/posts\/57410\/revisions"}],"predecessor-version":[{"id":57418,"href":"http:\/\/portalcatolico.net\/portal\/wp-json\/wp\/v2\/posts\/57410\/revisions\/57418"}],"wp:featuredmedia":[{"embeddable":true,"href":"http:\/\/portalcatolico.net\/portal\/wp-json\/wp\/v2\/media\/57414"}],"wp:attachment":[{"href":"http:\/\/portalcatolico.net\/portal\/wp-json\/wp\/v2\/media?parent=57410"}],"wp:term":[{"taxonomy":"category","embeddable":true,"href":"http:\/\/portalcatolico.net\/portal\/wp-json\/wp\/v2\/categories?post=57410"},{"taxonomy":"post_tag","embeddable":true,"href":"http:\/\/portalcatolico.net\/portal\/wp-json\/wp\/v2\/tags?post=57410"}],"curies":[{"name":"wp","href":"https:\/\/api.w.org\/{rel}","templated":true}]}}