{"id":57402,"date":"2018-07-24T22:22:24","date_gmt":"2018-07-25T01:22:24","guid":{"rendered":"http:\/\/portalcatolico.net\/portal\/?p=57402"},"modified":"2018-07-24T22:31:41","modified_gmt":"2018-07-25T01:31:41","slug":"sao-cristovao-e-celebrado-em-itabuna","status":"publish","type":"post","link":"http:\/\/portalcatolico.net\/portal\/sao-cristovao-e-celebrado-em-itabuna\/","title":{"rendered":"S\u00e3o Crist\u00f3v\u00e3o \u00e9 celebrado em Itabuna"},"content":{"rendered":"<div dir=\"auto\">A Comunidade S\u00e3o Crist\u00f3v\u00e3o situada no bairro Manoel Le\u00e3o, em Itabuna (BA), pertencente \u00e0 par\u00f3quia Santa Maria Madalena, est\u00e1 realizando o Tr\u00edduo e Festa de S\u00e3o Crist\u00f3v\u00e3o, padroeiro dos motoristas e do bairro Manoel Le\u00e3o, na cidade de Itabuna. O tema deste ano \u00e9: &#8220;Eu vim para servir e ser Igreja permanente em Miss\u00e3o&#8221;.&nbsp;<\/div>\n<div dir=\"auto\">O Tr\u00edduo&nbsp; teve in\u00edcio no dia 22 de julho, com missa todas as noites \u00e0s 19h.&nbsp;<\/div>\n<div dir=\"auto\">A festa acontecer\u00e1 nesta quarta-feira, dia 25, com prociss\u00e3o e carreata a partir das 15h30, saindo da Igreja Matriz de Santa Maria Madalena, situada no bairro Nova Itabuna. Ao chegar na comunidade, acontecer\u00e1 a b\u00ean\u00e7\u00e3o dos ve\u00edculos e em seguida a missa festiva, com in\u00edcio previsto para \u00e0s 17h.&nbsp;<\/div>\n<div dir=\"auto\">\n<p>O p\u00e1roco e respons\u00e1vel pela capela e a Par\u00f3quia Santa Maria Madalena, o padre Tony Val\u00e9rio Rodrigues.&nbsp;<\/p>\n<p>S\u00e3o Crist\u00f3v\u00e3o \u00e9 o padroeiro dos viajantes e dos transportadores. Filho de um rei em Cana\u00e3, terra de pag\u00e3os, recebeu o nome de Reprobus. Quando cresceu tornou-se um homem muito alto e forte. Por isso, decidiu procurar homens mais fortes do que ele para servi-los. Encontrou um rei poderoso e forte, mas este tinha medo do diabo. Ent\u00e3o, Reprobus decidiu servir a outro que dizia ser o pr\u00f3prio satan\u00e1s. Por\u00e9m, observou que satan\u00e1s tinha medo da cruz e de tudo o que dizia respeito a Jesus Cristo. Por isso, Reprobus resolveu servir ao Senhor Jesus. Um monge catequizou-o na f\u00e9 crist\u00e3 e Reprobus foi batizado. Decidiu morar \u00e0 margem de um rio muito perigoso para fazer a travessia de pessoas, as quais levava em seus ombros. Certo dia transportou um menino que ficava cada vez mais pesado \u00e0 medida que Reprobus o levava. Reprobus sentia estar levando todo o peso do mundo em seus ombros. Ao final da travessia, o menino revelou ser o pr\u00f3prio Jesus, que confirmou-lhe a f\u00e9 e a miss\u00e3o humilde de atravessar pessoas no rio perigoso. Da\u00ed o nome &#8220;Crist\u00f3v\u00e3o&#8221;, que significa: &#8220;Aquele que carrega Cristo&#8221;. A partir de ent\u00e3o, S\u00e3o Crist\u00f3v\u00e3o via em todos os que atravessava a pessoa de Jesus. O amor com que S\u00e3o Crist\u00f3v\u00e3o passou a exercer seu humilde servi\u00e7o converteu a muitos na regi\u00e3o. Por isso, ele foi preso. N\u00e3o renegando sua f\u00e9, foi martirizado. Por\u00e9m, S\u00e3o Crist\u00f3v\u00e3o se tornou um dos santos mais conhecidos em todo o mundo. Padroeiro dos motoristas Bem, voc\u00ea deve estar se perguntando o que fez com que ele virasse o padroeiro dos motoristas, certo? A verdade \u00e9 que o dia 25 de julho foi estabelecido como uma homenagem a quem trafega por esse pa\u00eds, pegando p\u00e9ssimas estradas para transportar cargas e pessoas. Nos dias de hoje, ser um motorista \u00e9 ainda mais dif\u00edcil, pois as estradas est\u00e3o mais violentas, o n\u00famero de acidentes aumentou e muitos motoristas s\u00e3o imprudentes. Cada um deles conta com a prote\u00e7\u00e3o e aux\u00edlio de S\u00e3o Crist\u00f3v\u00e3o, para que consigam carreg\u00e1-los no meio das estradas perigosas como fazia no rio perigoso que tinha onde morava. Com essa prote\u00e7\u00e3o, eles conseguem superar os desafios com mais facilidade.&nbsp;<\/p>\n<\/div>\n<div dir=\"auto\">\n<p><em>Foto: Arguivo Portal Cat\u00f3lico<\/em><\/p>\n<\/div>\n","protected":false},"excerpt":{"rendered":"<p>A Comunidade S\u00e3o Crist\u00f3v\u00e3o situada no bairro Manoel Le\u00e3o, em Itabuna (BA), pertencente \u00e0 par\u00f3quia Santa Maria Madalena, est\u00e1 realizando o Tr\u00edduo e Festa de S\u00e3o Crist\u00f3v\u00e3o, padroeiro dos motoristas e do bairro Manoel Le\u00e3o, na cidade de Itabuna. O tema deste ano \u00e9: &#8220;Eu vim para servir e ser Igreja permanente em Miss\u00e3o&#8221;.&nbsp; O&nbsp;<\/p>\n<p><a class=\"btn btn-style\" href=\"http:\/\/portalcatolico.net\/portal\/sao-cristovao-e-celebrado-em-itabuna\/\">Continue Reading<\/a><\/p>\n","protected":false},"author":2,"featured_media":57408,"comment_status":"open","ping_status":"open","sticky":false,"template":"","format":"standard","meta":{"footnotes":""},"categories":[1],"tags":[],"class_list":["post-57402","post","type-post","status-publish","format-standard","has-post-thumbnail","hentry","category-agenda"],"_links":{"self":[{"href":"http:\/\/portalcatolico.net\/portal\/wp-json\/wp\/v2\/posts\/57402","targetHints":{"allow":["GET"]}}],"collection":[{"href":"http:\/\/portalcatolico.net\/portal\/wp-json\/wp\/v2\/posts"}],"about":[{"href":"http:\/\/portalcatolico.net\/portal\/wp-json\/wp\/v2\/types\/post"}],"author":[{"embeddable":true,"href":"http:\/\/portalcatolico.net\/portal\/wp-json\/wp\/v2\/users\/2"}],"replies":[{"embeddable":true,"href":"http:\/\/portalcatolico.net\/portal\/wp-json\/wp\/v2\/comments?post=57402"}],"version-history":[{"count":5,"href":"http:\/\/portalcatolico.net\/portal\/wp-json\/wp\/v2\/posts\/57402\/revisions"}],"predecessor-version":[{"id":57409,"href":"http:\/\/portalcatolico.net\/portal\/wp-json\/wp\/v2\/posts\/57402\/revisions\/57409"}],"wp:featuredmedia":[{"embeddable":true,"href":"http:\/\/portalcatolico.net\/portal\/wp-json\/wp\/v2\/media\/57408"}],"wp:attachment":[{"href":"http:\/\/portalcatolico.net\/portal\/wp-json\/wp\/v2\/media?parent=57402"}],"wp:term":[{"taxonomy":"category","embeddable":true,"href":"http:\/\/portalcatolico.net\/portal\/wp-json\/wp\/v2\/categories?post=57402"},{"taxonomy":"post_tag","embeddable":true,"href":"http:\/\/portalcatolico.net\/portal\/wp-json\/wp\/v2\/tags?post=57402"}],"curies":[{"name":"wp","href":"https:\/\/api.w.org\/{rel}","templated":true}]}}