{"id":57399,"date":"2018-07-24T17:06:14","date_gmt":"2018-07-24T20:06:14","guid":{"rendered":"http:\/\/portalcatolico.net\/portal\/?p=57399"},"modified":"2018-07-24T17:06:14","modified_gmt":"2018-07-24T20:06:14","slug":"nicaragua-o-papa-francisco-reza-os-bispos-pedem-a-reabertura-do-dialogo","status":"publish","type":"post","link":"http:\/\/portalcatolico.net\/portal\/nicaragua-o-papa-francisco-reza-os-bispos-pedem-a-reabertura-do-dialogo\/","title":{"rendered":"Nicar\u00e1gua: o Papa Francisco reza, os bispos pedem a reabertura do di\u00e1logo"},"content":{"rendered":"<div class=\"article__subTitle\">O di\u00e1logo \u00e9 o caminho a ser seguido para levar a reconcilia\u00e7\u00e3o \u00e0 Nicar\u00e1gua. Esta \u00e9 a convic\u00e7\u00e3o reafirmada ontem, segunda-feira, ao final de um encontro, pelos bispos nicaraguenses. O Papa Francisco assegura a sua ora\u00e7\u00e3o ao amado povo da Nicar\u00e1gua.<\/div>\n<div class=\"article__text\">\n<p>Os bispos da Nicar\u00e1gua esperam que a mesa de negocia\u00e7\u00f5es, aberta com a media\u00e7\u00e3o da Igreja, possa ser reativada o quanto antes. Depois dos protestos contra o governo e a dura repress\u00e3o que custou a vida a pelo menos 360 pessoas, o pa\u00eds vive dias de tens\u00e3o e ang\u00fastia. O Papa Francisco segue com aten\u00e7\u00e3o a situa\u00e7\u00e3o e continua a assegurar a sua ora\u00e7\u00e3o. &#8220;Renovando minha ora\u00e7\u00e3o pelo amado povo da Nicar\u00e1gua &#8211; disse no \u00faltimo dia 1\u00ba de julho durante o Angelus \u2013, desejo unir-me aos esfor\u00e7os que est\u00e3o realizando os bispos do pa\u00eds e tantas pessoas de boa vontade&#8221;.<\/p>\n<h3>O governo rejeita o pedido de elei\u00e7\u00f5es antecipadas<\/h3>\n<p>Mas aos esfor\u00e7os ligados em particular \u00e0 promo\u00e7\u00e3o do di\u00e1logo nacional seguiu-se a dura resposta do governo de Daniel Ortega. Por ocasi\u00e3o do 39\u00ba anivers\u00e1rio da revolu\u00e7\u00e3o sandinista, o presidente nicaraguense acusou os bispos de &#8220;manobras de golpe contra o governo&#8221;. Em entrevista \u00e0 emissora &#8220;Fox News&#8221;, o presidente rejeitou os pedidos de demiss\u00e3o e de elei\u00e7\u00f5es antecipadas. As pr\u00f3ximas elei\u00e7\u00f5es &#8211; acrescentou ele &#8211; ser\u00e3o realizadas como previstas em 2021.<\/p>\n<h3>Ora\u00e7\u00f5es pela Nicar\u00e1gua<\/h3>\n<p>Enquanto isso, no pa\u00eds, milhares de pessoas sa\u00edram novamente \u00e0s ruas de Man\u00e1gua para protestar contra seu governo. Continuam tamb\u00e9m a chegar not\u00edcias de igrejas invadidas e profanadas. Neste doloroso cen\u00e1rio, a ora\u00e7\u00e3o \u00e9 a verdadeira esperan\u00e7a da Igreja. No domingo, realizou-se o Dia de Ora\u00e7\u00e3o, organizado pelo Conselho Episcopal Latino-Americano. Iniciativas semelhantes foram promovidas em todo o mundo para manifestar proximidade e solidariedade ao povo da Nicar\u00e1gua.(Vatican News)<\/p>\n<p><b>Por Amedeo Lomonaco<\/b><\/p>\n<\/div>\n","protected":false},"excerpt":{"rendered":"<p>O di\u00e1logo \u00e9 o caminho a ser seguido para levar a reconcilia\u00e7\u00e3o \u00e0 Nicar\u00e1gua. Esta \u00e9 a convic\u00e7\u00e3o reafirmada ontem, segunda-feira, ao final de um encontro, pelos bispos nicaraguenses. O Papa Francisco assegura a sua ora\u00e7\u00e3o ao amado povo da Nicar\u00e1gua. Os bispos da Nicar\u00e1gua esperam que a mesa de negocia\u00e7\u00f5es, aberta com a media\u00e7\u00e3o&nbsp;<\/p>\n<p><a class=\"btn btn-style\" href=\"http:\/\/portalcatolico.net\/portal\/nicaragua-o-papa-francisco-reza-os-bispos-pedem-a-reabertura-do-dialogo\/\">Continue Reading<\/a><\/p>\n","protected":false},"author":2,"featured_media":57400,"comment_status":"open","ping_status":"open","sticky":false,"template":"","format":"standard","meta":{"footnotes":""},"categories":[5],"tags":[],"class_list":["post-57399","post","type-post","status-publish","format-standard","has-post-thumbnail","hentry","category-igreja_no_mundo"],"_links":{"self":[{"href":"http:\/\/portalcatolico.net\/portal\/wp-json\/wp\/v2\/posts\/57399","targetHints":{"allow":["GET"]}}],"collection":[{"href":"http:\/\/portalcatolico.net\/portal\/wp-json\/wp\/v2\/posts"}],"about":[{"href":"http:\/\/portalcatolico.net\/portal\/wp-json\/wp\/v2\/types\/post"}],"author":[{"embeddable":true,"href":"http:\/\/portalcatolico.net\/portal\/wp-json\/wp\/v2\/users\/2"}],"replies":[{"embeddable":true,"href":"http:\/\/portalcatolico.net\/portal\/wp-json\/wp\/v2\/comments?post=57399"}],"version-history":[{"count":1,"href":"http:\/\/portalcatolico.net\/portal\/wp-json\/wp\/v2\/posts\/57399\/revisions"}],"predecessor-version":[{"id":57401,"href":"http:\/\/portalcatolico.net\/portal\/wp-json\/wp\/v2\/posts\/57399\/revisions\/57401"}],"wp:featuredmedia":[{"embeddable":true,"href":"http:\/\/portalcatolico.net\/portal\/wp-json\/wp\/v2\/media\/57400"}],"wp:attachment":[{"href":"http:\/\/portalcatolico.net\/portal\/wp-json\/wp\/v2\/media?parent=57399"}],"wp:term":[{"taxonomy":"category","embeddable":true,"href":"http:\/\/portalcatolico.net\/portal\/wp-json\/wp\/v2\/categories?post=57399"},{"taxonomy":"post_tag","embeddable":true,"href":"http:\/\/portalcatolico.net\/portal\/wp-json\/wp\/v2\/tags?post=57399"}],"curies":[{"name":"wp","href":"https:\/\/api.w.org\/{rel}","templated":true}]}}