{"id":57393,"date":"2018-07-23T20:55:16","date_gmt":"2018-07-23T23:55:16","guid":{"rendered":"http:\/\/portalcatolico.net\/portal\/?p=57393"},"modified":"2018-07-24T17:03:30","modified_gmt":"2018-07-24T20:03:30","slug":"diocese-de-itabuna-promove-formacao-para-mece","status":"publish","type":"post","link":"http:\/\/portalcatolico.net\/portal\/diocese-de-itabuna-promove-formacao-para-mece\/","title":{"rendered":"Diocese de Itabuna promove forma\u00e7\u00e3o para MECE"},"content":{"rendered":"<p style=\"font-weight: 400;\">Os Ministros Extraordin\u00e1rios da Comunh\u00e3o Eucar\u00edstica \u2013 MECE da Faronia&nbsp;Centro, estiveram em forma\u00e7\u00e3o nos dias 21 e 22&nbsp;&nbsp;de julho, no Centro Pastoral Diocesano, na cidade e diocese&nbsp; de Itabuna,&nbsp;no sul da Bahia.<br \/>\nA institui\u00e7\u00e3o dos Ministros Extraordin\u00e1rios da Comunh\u00e3o Eucar\u00edstica \u2013&nbsp;MECE, com a&nbsp; inciativa do Papa Paulo VI e promulgada com a Instru\u00e7\u00e3o&nbsp;&#8220;Immensae caritatis&#8221; da Congrega\u00e7\u00e3o para a Disciplina dos Sacramentos,&nbsp;em 29 de janeiro de 1973.<br \/>\nOs Ministros Extraordin\u00e1rios s\u00e3o normalmente leigos ou religiosos(as)&nbsp;id\u00f4neos, escolhidos entre os paroquianos pelo p\u00e1roco ou administrdor&nbsp;paroquial e institu\u00eddos pelo Bispo Dicoesano, a quem foi dada esta&nbsp;faculdade pelo Santo Padre.<br \/>\nDistinguem-se dos Ministros Ordin\u00e1rios da Eucaristia, que s\u00e3o bispos e&nbsp;&nbsp;sacerdotes para a celebra\u00e7\u00e3o da Eucaristia e a distribui\u00e7\u00e3o da Sagrada&nbsp;Comunh\u00e3o, e os di\u00e1conos para a distribui\u00e7\u00e3o da Comunh\u00e3o aos fi\u00e9is.<br \/>\nAp\u00f3s o Conc\u00edlio do Vaticano II (1962-65), o Papa Paulo VI autorizou a&nbsp;institui\u00e7\u00e3o dos Ministros Extraordin\u00e1rios da Sagrada Comunh\u00e3o (MECE\u00b4s).&nbsp;Fi\u00e9is leigos cuja miss\u00e3o \u00e9 facilitar aos celebrantes a distribui\u00e7\u00e3o da&nbsp;Sagrada Comunh\u00e3o em igrejas, capelas, hospitais, aos doentes nas casas e&nbsp;outros lugares, desde que o sacerdote n\u00e3o possa fazer isso.&nbsp; E diante da&nbsp;import\u00e2ncia desta miss\u00e3o,&nbsp; a Diocese de Itabuna&nbsp; est\u00e1 realizando&nbsp;forma\u00e7\u00f5es para os membros da MECE por Faronias. Nos pr\u00f3ximos meses ser\u00e3o as Faronia Norte e Sul.&nbsp;<\/p>\n<p style=\"font-weight: 400;\">Por&nbsp;se tratar do Minist\u00e9rio Extraordin\u00e1rio, a faculdade \u00e9 concedida por&nbsp;tempo determinado, por exemplo, para dois anos.&nbsp;A fun\u00e7\u00e3o dos membros da MECE \u00e9 ajudar o celebrante a distribuir a Santa&nbsp;Comunh\u00e3o na Santa Missa e a lev\u00e1-la aos enfermos.<\/p>\n<p>Fotos:Reprodu\u00e7\u00e3o\/Facebook<\/p>\n<p><img loading=\"lazy\" decoding=\"async\" class=\"alignnone size-medium wp-image-57395\" src=\"http:\/\/portalcatolico.net\/portal\/wp-content\/uploads\/2018\/07\/37644036_1808558495905013_5537287780368908288_n-300x225.jpg\" alt=\"\" width=\"300\" height=\"225\" srcset=\"http:\/\/portalcatolico.net\/portal\/wp-content\/uploads\/2018\/07\/37644036_1808558495905013_5537287780368908288_n-300x225.jpg 300w, http:\/\/portalcatolico.net\/portal\/wp-content\/uploads\/2018\/07\/37644036_1808558495905013_5537287780368908288_n-768x576.jpg 768w, http:\/\/portalcatolico.net\/portal\/wp-content\/uploads\/2018\/07\/37644036_1808558495905013_5537287780368908288_n.jpg 960w\" sizes=\"auto, (max-width: 300px) 100vw, 300px\" \/> <img loading=\"lazy\" decoding=\"async\" class=\"alignnone size-medium wp-image-57396\" src=\"http:\/\/portalcatolico.net\/portal\/wp-content\/uploads\/2018\/07\/37567627_1808551752572354_8716425424726392832_n-1-300x225.jpg\" alt=\"\" width=\"300\" height=\"225\" srcset=\"http:\/\/portalcatolico.net\/portal\/wp-content\/uploads\/2018\/07\/37567627_1808551752572354_8716425424726392832_n-1-300x225.jpg 300w, http:\/\/portalcatolico.net\/portal\/wp-content\/uploads\/2018\/07\/37567627_1808551752572354_8716425424726392832_n-1-768x576.jpg 768w, http:\/\/portalcatolico.net\/portal\/wp-content\/uploads\/2018\/07\/37567627_1808551752572354_8716425424726392832_n-1.jpg 960w\" sizes=\"auto, (max-width: 300px) 100vw, 300px\" \/><\/p>\n","protected":false},"excerpt":{"rendered":"<p>Os Ministros Extraordin\u00e1rios da Comunh\u00e3o Eucar\u00edstica \u2013 MECE da Faronia&nbsp;Centro, estiveram em forma\u00e7\u00e3o nos dias 21 e 22&nbsp;&nbsp;de julho, no Centro Pastoral Diocesano, na cidade e diocese&nbsp; de Itabuna,&nbsp;no sul da Bahia. A institui\u00e7\u00e3o dos Ministros Extraordin\u00e1rios da Comunh\u00e3o Eucar\u00edstica \u2013&nbsp;MECE, com a&nbsp; inciativa do Papa Paulo VI e promulgada com a Instru\u00e7\u00e3o&nbsp;&#8220;Immensae caritatis&#8221; da&nbsp;<\/p>\n<p><a class=\"btn btn-style\" href=\"http:\/\/portalcatolico.net\/portal\/diocese-de-itabuna-promove-formacao-para-mece\/\">Continue Reading<\/a><\/p>\n","protected":false},"author":2,"featured_media":57394,"comment_status":"open","ping_status":"open","sticky":false,"template":"","format":"standard","meta":{"footnotes":""},"categories":[4],"tags":[],"class_list":["post-57393","post","type-post","status-publish","format-standard","has-post-thumbnail","hentry","category-destaques"],"_links":{"self":[{"href":"http:\/\/portalcatolico.net\/portal\/wp-json\/wp\/v2\/posts\/57393","targetHints":{"allow":["GET"]}}],"collection":[{"href":"http:\/\/portalcatolico.net\/portal\/wp-json\/wp\/v2\/posts"}],"about":[{"href":"http:\/\/portalcatolico.net\/portal\/wp-json\/wp\/v2\/types\/post"}],"author":[{"embeddable":true,"href":"http:\/\/portalcatolico.net\/portal\/wp-json\/wp\/v2\/users\/2"}],"replies":[{"embeddable":true,"href":"http:\/\/portalcatolico.net\/portal\/wp-json\/wp\/v2\/comments?post=57393"}],"version-history":[{"count":1,"href":"http:\/\/portalcatolico.net\/portal\/wp-json\/wp\/v2\/posts\/57393\/revisions"}],"predecessor-version":[{"id":57397,"href":"http:\/\/portalcatolico.net\/portal\/wp-json\/wp\/v2\/posts\/57393\/revisions\/57397"}],"wp:featuredmedia":[{"embeddable":true,"href":"http:\/\/portalcatolico.net\/portal\/wp-json\/wp\/v2\/media\/57394"}],"wp:attachment":[{"href":"http:\/\/portalcatolico.net\/portal\/wp-json\/wp\/v2\/media?parent=57393"}],"wp:term":[{"taxonomy":"category","embeddable":true,"href":"http:\/\/portalcatolico.net\/portal\/wp-json\/wp\/v2\/categories?post=57393"},{"taxonomy":"post_tag","embeddable":true,"href":"http:\/\/portalcatolico.net\/portal\/wp-json\/wp\/v2\/tags?post=57393"}],"curies":[{"name":"wp","href":"https:\/\/api.w.org\/{rel}","templated":true}]}}