{"id":57390,"date":"2018-07-23T20:24:49","date_gmt":"2018-07-23T23:24:49","guid":{"rendered":"http:\/\/portalcatolico.net\/portal\/?p=57390"},"modified":"2018-07-23T20:24:49","modified_gmt":"2018-07-23T23:24:49","slug":"agosto-mes-de-rezar-por-todas-as-vocacoes-na-construcao-de-uma-cultura-vocacional","status":"publish","type":"post","link":"http:\/\/portalcatolico.net\/portal\/agosto-mes-de-rezar-por-todas-as-vocacoes-na-construcao-de-uma-cultura-vocacional\/","title":{"rendered":"Agosto: m\u00eas de rezar por todas as voca\u00e7\u00f5es na constru\u00e7\u00e3o de uma cultura vocacional"},"content":{"rendered":"<p>A Igreja no Brasil celebra todos os anos durante o m\u00eas de agosto, o M\u00eas Vocacional e os quatro domingos j\u00e1 contam com sugest\u00f5es de ora\u00e7\u00e3o, que foram elaboradas pela Pastoral Vocacional do Brasil em parceria com a Confer\u00eancia Nacional dos Bispos do Brasil (CNBB). Este ano, a tem\u00e1tica \u00e9 \u201cSeguir Jesus a luz da f\u00e9\u201d e o lema: \u201cSei em quem acreditei\u201d (2Tm 2,12).<\/p>\n<p><em>\u201cO objetivo principal \u00e9 animar e reanimar as comunidades, par\u00f3quias e dioceses que rezem pelas voca\u00e7\u00f5es de forma especial incentivando as ora\u00e7\u00f5es e promovendo as voca\u00e7\u00f5es em cada realidade e da sua maneira\u201d, destaca o coordenador nacional da Pastoral Vocacional, padre Elias Aparecido da Silva.<\/em><\/p>\n<p><img loading=\"lazy\" decoding=\"async\" class=\" wp-image-197628 alignright\" src=\"http:\/\/www.cnbb.org.br\/wp-content\/uploads\/sites\/32\/2018\/07\/260x239x3fcd8f90952a19354e6b0c4b58be99e3_XL-300x276.jpg.pagespeed.ic.RtOIlGlRJq.webp\" alt=\"\" width=\"260\" height=\"239\" data-pagespeed-url-hash=\"3136840110\">Nesse contexto, cada domingo do m\u00eas de agosto \u00e9 dedicado \u00e0 celebra\u00e7\u00e3o de uma determinada voca\u00e7\u00e3o. No primeiro, celebra-se sacerd\u00f3cio e os minist\u00e9rios ordenados; no segundo, o matrim\u00f4nio junto \u00e0 semana da Fam\u00edlia; no terceiro, a vida consagrada, e por fim, no quarto, a voca\u00e7\u00e3o dos Leigos. Cada ora\u00e7\u00e3o tem coment\u00e1rio inicial, preces e ora\u00e7\u00e3o final. O material e o cartaz j\u00e1 est\u00e3o dispon\u00edveis.<\/p>\n<p>Padre Elias convida os fieis a celebrar esse m\u00eas vocacional na sensibilidade da ora\u00e7\u00e3o, coloc\u00e1-lo como inten\u00e7\u00e3o no seu ter\u00e7o, no grupo de ora\u00e7\u00e3o. Segundo o padre, cada um pode rezar do seu modo de rezar e promover a voca\u00e7\u00e3o em suas comunidades.<\/p>\n<p>Na abertura do m\u00eas vocacional, tamb\u00e9m ser\u00e1 lan\u00e7ado o texto base do 4\u00ba Congresso Vocacional do Brasil que vai acontecer de 5 a 8 de setembro de 2019, em Aparecida (SP), cujo tema ser\u00e1: \u201cVoca\u00e7\u00e3o e discernimento\u201d.<\/p>\n<p>O m\u00eas vocacional foi institu\u00eddo em 1981, pela CNBB, em sua 19\u00aa Assembleia Geral. O objetivo principal era o de conscientizar as comunidades da responsabilidade que compartilham no processo vocacional.<\/p>\n<p>Fonte:CNBB<\/p>\n","protected":false},"excerpt":{"rendered":"<p>A Igreja no Brasil celebra todos os anos durante o m\u00eas de agosto, o M\u00eas Vocacional e os quatro domingos j\u00e1 contam com sugest\u00f5es de ora\u00e7\u00e3o, que foram elaboradas pela Pastoral Vocacional do Brasil em parceria com a Confer\u00eancia Nacional dos Bispos do Brasil (CNBB). Este ano, a tem\u00e1tica \u00e9 \u201cSeguir Jesus a luz da&nbsp;<\/p>\n<p><a class=\"btn btn-style\" href=\"http:\/\/portalcatolico.net\/portal\/agosto-mes-de-rezar-por-todas-as-vocacoes-na-construcao-de-uma-cultura-vocacional\/\">Continue Reading<\/a><\/p>\n","protected":false},"author":2,"featured_media":57391,"comment_status":"open","ping_status":"open","sticky":false,"template":"","format":"standard","meta":{"footnotes":""},"categories":[3],"tags":[],"class_list":["post-57390","post","type-post","status-publish","format-standard","has-post-thumbnail","hentry","category-noticias_regionais"],"_links":{"self":[{"href":"http:\/\/portalcatolico.net\/portal\/wp-json\/wp\/v2\/posts\/57390","targetHints":{"allow":["GET"]}}],"collection":[{"href":"http:\/\/portalcatolico.net\/portal\/wp-json\/wp\/v2\/posts"}],"about":[{"href":"http:\/\/portalcatolico.net\/portal\/wp-json\/wp\/v2\/types\/post"}],"author":[{"embeddable":true,"href":"http:\/\/portalcatolico.net\/portal\/wp-json\/wp\/v2\/users\/2"}],"replies":[{"embeddable":true,"href":"http:\/\/portalcatolico.net\/portal\/wp-json\/wp\/v2\/comments?post=57390"}],"version-history":[{"count":1,"href":"http:\/\/portalcatolico.net\/portal\/wp-json\/wp\/v2\/posts\/57390\/revisions"}],"predecessor-version":[{"id":57392,"href":"http:\/\/portalcatolico.net\/portal\/wp-json\/wp\/v2\/posts\/57390\/revisions\/57392"}],"wp:featuredmedia":[{"embeddable":true,"href":"http:\/\/portalcatolico.net\/portal\/wp-json\/wp\/v2\/media\/57391"}],"wp:attachment":[{"href":"http:\/\/portalcatolico.net\/portal\/wp-json\/wp\/v2\/media?parent=57390"}],"wp:term":[{"taxonomy":"category","embeddable":true,"href":"http:\/\/portalcatolico.net\/portal\/wp-json\/wp\/v2\/categories?post=57390"},{"taxonomy":"post_tag","embeddable":true,"href":"http:\/\/portalcatolico.net\/portal\/wp-json\/wp\/v2\/tags?post=57390"}],"curies":[{"name":"wp","href":"https:\/\/api.w.org\/{rel}","templated":true}]}}