{"id":57379,"date":"2018-07-23T19:14:48","date_gmt":"2018-07-23T22:14:48","guid":{"rendered":"http:\/\/portalcatolico.net\/portal\/?p=57379"},"modified":"2018-07-24T12:57:08","modified_gmt":"2018-07-24T15:57:08","slug":"multidao-de-fieis-abrilhantaram-a-festa-de-santa-maria-madalena-em-itabuna","status":"publish","type":"post","link":"http:\/\/portalcatolico.net\/portal\/multidao-de-fieis-abrilhantaram-a-festa-de-santa-maria-madalena-em-itabuna\/","title":{"rendered":"Multid\u00e3o de fieis abrilhantaram a festa de Santa Maria Madalena em Itabuna"},"content":{"rendered":"<p style=\"font-weight: 400;\">Mais de 1500 cat\u00f3licos participaram do bloco Vem para Cristo em Itabuna (BA),&nbsp;na tarde deste domingo (22). O tema da festa foi: &#8220;Maria Madalena exemplo de&nbsp;leiga&nbsp; e servidora na Miss\u00e3o de Jesus&#8221;, que faz parte do Noven\u00e1rio em louvor&nbsp;a Santa Maria Madalena iniciado no dia 13 de julho.<br \/>\n<img loading=\"lazy\" decoding=\"async\" class=\"wp-image-57382 aligncenter\" src=\"http:\/\/portalcatolico.net\/portal\/wp-content\/uploads\/2018\/07\/37618179_915314338671189_6714577383225032704_n-300x200.jpg\" alt=\"\" width=\"725\" height=\"483\" srcset=\"http:\/\/portalcatolico.net\/portal\/wp-content\/uploads\/2018\/07\/37618179_915314338671189_6714577383225032704_n-300x200.jpg 300w, http:\/\/portalcatolico.net\/portal\/wp-content\/uploads\/2018\/07\/37618179_915314338671189_6714577383225032704_n-768x512.jpg 768w, http:\/\/portalcatolico.net\/portal\/wp-content\/uploads\/2018\/07\/37618179_915314338671189_6714577383225032704_n.jpg 960w\" sizes=\"auto, (max-width: 725px) 100vw, 725px\" \/><\/p>\n<p style=\"font-weight: 400;\">O grande dia festivo da padroeira do bairro Nova Itabuna teve uma programa\u00e7\u00e3o especial.&nbsp;&nbsp;Cat\u00f3licos de Itabuna e de&nbsp;v\u00e1rias cidades circunvizinhas, participaram da santa missa \u00e0s 17h, com a presid\u00eancia do padre&nbsp;Tony Val\u00e9rio, p\u00e1roco da Par\u00f3quia Santa Maria Madalena. Ao final da celebra\u00e7\u00e3o ,os fieis caminharam pela par\u00f3quia, com velas acesas, juntamente com o Jesus Eucar\u00edstico.&nbsp;&nbsp;<\/p>\n<p style=\"font-weight: 400;\">Por volta das 19h, o bloco Vem para Cristo percorreu v\u00e1rias ruas do&nbsp;bairro ao som de um trio el\u00e9trico.&nbsp;Vale ressaltar que&nbsp;o evento teve o apoio de pol\u00edticos cat\u00f3licos: Mateus Reis e Joceval Rodrigues, que s\u00e3o vereadores em Salvador. Mateus Reis falou que sempre esteve nas&nbsp;cidades em que Padre Tony foi p\u00e1roco, apoiando e ajudado o sacerdote.<\/p>\n<p style=\"font-weight: 400;\"><img loading=\"lazy\" decoding=\"async\" class=\"wp-image-57384 aligncenter\" src=\"http:\/\/portalcatolico.net\/portal\/wp-content\/uploads\/2018\/07\/37629948_915314998671123_7522703281290739712_n-300x200.jpg\" alt=\"\" width=\"722\" height=\"481\" srcset=\"http:\/\/portalcatolico.net\/portal\/wp-content\/uploads\/2018\/07\/37629948_915314998671123_7522703281290739712_n-300x200.jpg 300w, http:\/\/portalcatolico.net\/portal\/wp-content\/uploads\/2018\/07\/37629948_915314998671123_7522703281290739712_n-768x512.jpg 768w, http:\/\/portalcatolico.net\/portal\/wp-content\/uploads\/2018\/07\/37629948_915314998671123_7522703281290739712_n.jpg 960w\" sizes=\"auto, (max-width: 722px) 100vw, 722px\" \/><\/p>\n<p style=\"font-weight: 400;\">&nbsp;<\/p>\n<p style=\"font-weight: 400;\">O vereador da cidade de Itabuna e pr\u00e9-candidato a deputado estadual, Enderson Guinho, tamb\u00e9m esteve na&nbsp;presente&nbsp;festa de Santa Maria Madalena.<\/p>\n<p style=\"font-weight: 400;\">&#8220;Pra mim \u00e9 uma grande alegria fazer essa festa. E n\u00f3s fechamos essa festa com esse bloco e com essa grande multid\u00e3o de fieis. Tivemos 1500 abad\u00e1s e todos foram vendidos! Que Deus aben\u00e7oe esse povo, essa generosidade do cora\u00e7\u00e3o deles e esse momento para mim \u00e9 um reavivamento da nossa f\u00e9&#8221;, concluiu&nbsp;padre&nbsp;Tony.<\/p>\n<p style=\"font-weight: 400;\">A equipe do Portal Cat\u00f3lico de Not\u00edcias parabeniza a todos os envolvidos na realiza\u00e7\u00e3o dessa bonita festa.<\/p>\n<p><img loading=\"lazy\" decoding=\"async\" class=\"alignnone size-medium wp-image-57385\" src=\"http:\/\/portalcatolico.net\/portal\/wp-content\/uploads\/2018\/07\/37637143_915315748671048_5892431251616301056_n-1-300x200.jpg\" alt=\"\" width=\"300\" height=\"200\" srcset=\"http:\/\/portalcatolico.net\/portal\/wp-content\/uploads\/2018\/07\/37637143_915315748671048_5892431251616301056_n-1-300x200.jpg 300w, http:\/\/portalcatolico.net\/portal\/wp-content\/uploads\/2018\/07\/37637143_915315748671048_5892431251616301056_n-1-768x512.jpg 768w, http:\/\/portalcatolico.net\/portal\/wp-content\/uploads\/2018\/07\/37637143_915315748671048_5892431251616301056_n-1.jpg 960w\" sizes=\"auto, (max-width: 300px) 100vw, 300px\" \/> <img loading=\"lazy\" decoding=\"async\" class=\"alignnone size-medium wp-image-57386\" src=\"http:\/\/portalcatolico.net\/portal\/wp-content\/uploads\/2018\/07\/37720938_915307672005189_747048967740588032_n-300x200.jpg\" alt=\"\" width=\"300\" height=\"200\" srcset=\"http:\/\/portalcatolico.net\/portal\/wp-content\/uploads\/2018\/07\/37720938_915307672005189_747048967740588032_n-300x200.jpg 300w, http:\/\/portalcatolico.net\/portal\/wp-content\/uploads\/2018\/07\/37720938_915307672005189_747048967740588032_n-768x512.jpg 768w, http:\/\/portalcatolico.net\/portal\/wp-content\/uploads\/2018\/07\/37720938_915307672005189_747048967740588032_n.jpg 960w\" sizes=\"auto, (max-width: 300px) 100vw, 300px\" \/><\/p>\n<p><img loading=\"lazy\" decoding=\"async\" class=\"alignnone size-medium wp-image-57387\" src=\"http:\/\/portalcatolico.net\/portal\/wp-content\/uploads\/2018\/07\/37638139_915316062004350_284006902881320960_n-300x200.jpg\" alt=\"\" width=\"300\" height=\"200\" srcset=\"http:\/\/portalcatolico.net\/portal\/wp-content\/uploads\/2018\/07\/37638139_915316062004350_284006902881320960_n-300x200.jpg 300w, http:\/\/portalcatolico.net\/portal\/wp-content\/uploads\/2018\/07\/37638139_915316062004350_284006902881320960_n-768x512.jpg 768w, http:\/\/portalcatolico.net\/portal\/wp-content\/uploads\/2018\/07\/37638139_915316062004350_284006902881320960_n.jpg 960w\" sizes=\"auto, (max-width: 300px) 100vw, 300px\" \/> <img loading=\"lazy\" decoding=\"async\" class=\"alignnone size-medium wp-image-57388\" src=\"http:\/\/portalcatolico.net\/portal\/wp-content\/uploads\/2018\/07\/37734300_915312355338054_8699556214821879808_n-300x200.jpg\" alt=\"\" width=\"300\" height=\"200\" srcset=\"http:\/\/portalcatolico.net\/portal\/wp-content\/uploads\/2018\/07\/37734300_915312355338054_8699556214821879808_n-300x200.jpg 300w, http:\/\/portalcatolico.net\/portal\/wp-content\/uploads\/2018\/07\/37734300_915312355338054_8699556214821879808_n-768x512.jpg 768w, http:\/\/portalcatolico.net\/portal\/wp-content\/uploads\/2018\/07\/37734300_915312355338054_8699556214821879808_n.jpg 960w\" sizes=\"auto, (max-width: 300px) 100vw, 300px\" \/><\/p>\n<p>Confira mais fotos clicando <a href=\"https:\/\/www.facebook.com\/portalcatolicooficial\"><span style=\"color: #ff0000;\">AQUI<\/span><\/a><\/p>\n","protected":false},"excerpt":{"rendered":"<p>Mais de 1500 cat\u00f3licos participaram do bloco Vem para Cristo em Itabuna (BA),&nbsp;na tarde deste domingo (22). O tema da festa foi: &#8220;Maria Madalena exemplo de&nbsp;leiga&nbsp; e servidora na Miss\u00e3o de Jesus&#8221;, que faz parte do Noven\u00e1rio em louvor&nbsp;a Santa Maria Madalena iniciado no dia 13 de julho. O grande dia festivo da padroeira do&nbsp;<\/p>\n<p><a class=\"btn btn-style\" href=\"http:\/\/portalcatolico.net\/portal\/multidao-de-fieis-abrilhantaram-a-festa-de-santa-maria-madalena-em-itabuna\/\">Continue Reading<\/a><\/p>\n","protected":false},"author":2,"featured_media":57380,"comment_status":"open","ping_status":"open","sticky":false,"template":"","format":"standard","meta":{"footnotes":""},"categories":[65],"tags":[],"class_list":["post-57379","post","type-post","status-publish","format-standard","has-post-thumbnail","hentry","category-entrevistas"],"_links":{"self":[{"href":"http:\/\/portalcatolico.net\/portal\/wp-json\/wp\/v2\/posts\/57379","targetHints":{"allow":["GET"]}}],"collection":[{"href":"http:\/\/portalcatolico.net\/portal\/wp-json\/wp\/v2\/posts"}],"about":[{"href":"http:\/\/portalcatolico.net\/portal\/wp-json\/wp\/v2\/types\/post"}],"author":[{"embeddable":true,"href":"http:\/\/portalcatolico.net\/portal\/wp-json\/wp\/v2\/users\/2"}],"replies":[{"embeddable":true,"href":"http:\/\/portalcatolico.net\/portal\/wp-json\/wp\/v2\/comments?post=57379"}],"version-history":[{"count":4,"href":"http:\/\/portalcatolico.net\/portal\/wp-json\/wp\/v2\/posts\/57379\/revisions"}],"predecessor-version":[{"id":57398,"href":"http:\/\/portalcatolico.net\/portal\/wp-json\/wp\/v2\/posts\/57379\/revisions\/57398"}],"wp:featuredmedia":[{"embeddable":true,"href":"http:\/\/portalcatolico.net\/portal\/wp-json\/wp\/v2\/media\/57380"}],"wp:attachment":[{"href":"http:\/\/portalcatolico.net\/portal\/wp-json\/wp\/v2\/media?parent=57379"}],"wp:term":[{"taxonomy":"category","embeddable":true,"href":"http:\/\/portalcatolico.net\/portal\/wp-json\/wp\/v2\/categories?post=57379"},{"taxonomy":"post_tag","embeddable":true,"href":"http:\/\/portalcatolico.net\/portal\/wp-json\/wp\/v2\/tags?post=57379"}],"curies":[{"name":"wp","href":"https:\/\/api.w.org\/{rel}","templated":true}]}}