{"id":57375,"date":"2018-07-23T06:40:12","date_gmt":"2018-07-23T09:40:12","guid":{"rendered":"http:\/\/portalcatolico.net\/portal\/?p=57375"},"modified":"2018-07-23T06:40:12","modified_gmt":"2018-07-23T09:40:12","slug":"quinto-aniversario-da-primeira-viagem-apostolica-de-francisco","status":"publish","type":"post","link":"http:\/\/portalcatolico.net\/portal\/quinto-aniversario-da-primeira-viagem-apostolica-de-francisco\/","title":{"rendered":"Quinto anivers\u00e1rio da primeira Viagem Apost\u00f3lica de Francisco"},"content":{"rendered":"<p>Cinco anos da primeira Viagem Apost\u00f3lica Internacional do Papa Francisco: JMJ &#8211; Rio de Janeiro 2013, cuja celebra\u00e7\u00e3o principal, a Santa Missa no dia 28 de julho, reuniu tr\u00eas milh\u00f5es e setecentas mil pessoas na Praia de Copacabana.<\/p>\n<p>Neste domingo, 22 de julho, celebramos o V anivers\u00e1rio da Primeira Viagem Apost\u00f3lica do Pontificado do Papa Francisco, que o levou ao Rio de Janeiro, por ocasi\u00e3o da 28\u00aa Jornada Mundial da Juventude, que teve como tema: \u201c<i>Ide, pois, fazer disc\u00edpulos entre todas as na\u00e7\u00f5es<\/i>!\u201d (Mt 28,19).<\/p>\n<p>Logo, de 22 a 29 de julho de 2013, Francisco se encontrava no Rio de Janeiro para o grande evento eclesial juvenil, o primeiro em um pa\u00eds de l\u00edngua portuguesa e o segundo na Am\u00e9rica do Sul, na Argentina em 1987. Esta 28\u00aa JMJ foi considerada como &#8220;o maior evento da hist\u00f3ria do Rio de Janeiro\u201d.<\/p>\n<p><b>Santa Missa na Praia de Copacabana com tr\u00eas milh\u00f5es e setecentas mil pessoas<\/b><\/p>\n<p>O ponto alto das suas atividades no Rio de Janeiro foi a celebra\u00e7\u00e3o da Santa Missa, na Praia de Copacabana, que contou com a participa\u00e7\u00e3o de mais de tr\u00eas milh\u00f5es e meio de peregrinos.<\/p>\n<p>O Papa se dirigiu ao Pal\u00e1cio da Guanabara, para a cerim\u00f4nia oficial de boas vindas, em um carro comum, uma novidade do seu Pontificado. Alguns imprevistos no trajeto e o congestionamento no tr\u00e2nsito facilitaram uma maior proximidade da gente com o Papa, que fez quest\u00e3o de deixar os vidros abertos, para a grande preocupa\u00e7\u00e3o dos seguran\u00e7as.<\/p>\n<p><b>Primeiro pronunciamento em terras brasileiras<\/b><\/p>\n<p>Em seu pronunciamento, o Santo Padre disse:<\/p>\n<p>\u201c<i>Quis Deus, na sua amorosa provid\u00eancia, que a primeira viagem internacional do meu Pontificado me consentisse voltar \u00e0 amada Am\u00e9rica Latina, precisamente ao Brasil, na\u00e7\u00e3o que se gloria de seus s\u00f3lidos la\u00e7os com a S\u00e9 Apost\u00f3lica e dos profundos sentimentos de f\u00e9 e amizade que sempre a uniram de modo singular ao Sucessor de Pedro. Aprendi que para ter acesso ao Povo Brasileiro, \u00e9 preciso entrar pela porta do seu imenso cora\u00e7\u00e3o. Por isso, permitam-me que, nesta hora, eu possa bater delicadamente a esta porta. N\u00e3o tenho ouro nem prata, mas trago o que de mais precioso me foi dado: Jesus Cristo!<\/i>\u201d<\/p>\n<p><b>Visita ao Santu\u00e1rio nacional de Nossa Senhora Aparecida, em Aparecida &#8211; SP<\/b><\/p>\n<p>Enquanto o Papa descansava da longa viagem, o Cardeal-arcebispo do Rio de janeiro, Dom Orani Jo\u00e3o Tempesta, presidiu \u00e0 Missa de abertura da JMJ 2013, em Copacabana. No segundo dia da sua visita ao Rio de Janeiro (24\/7\/13), o Papa mariano n\u00e3o p\u00f4de deixar de fazer uma visitinha \u00e0 Bas\u00edlica de Nossa Senhora Aparecida, onde presidiu \u00e0 celebra\u00e7\u00e3o Eucar\u00edstica. Francisco havia visitado o Santu\u00e1rio, em maio de 2007, como Cardeal-arcebispo de Buenos Aires, por ocasi\u00e3o da V Confer\u00eancia Geral do Episcopado da Am\u00e9rica Latina e do Caribe.<\/p>\n<p>Na homilia da sua primeira Missa no Brasil, o Santo Padre dirigiu-se, de modo especial, aos jovens, com mensagens de esperan\u00e7a e alegria:<b><\/b><\/p>\n<p><b>\u201c<\/b><i>Hoje, eu quis vir aqui para suplicar \u00e0 Maria, nossa M\u00e3e, o bom \u00eaxito da Jornada Mundial da Juventude e colocar aos seus p\u00e9s a vida do povo latino-americano. (&#8230;) Gostaria de chamar \u00e0 aten\u00e7\u00e3o para tr\u00eas simples posturas: conservar a esperan\u00e7a; deixar-se surpreender por Deus; viver na alegria. (&#8230;) Queridos amigos, viemos bater \u00e0 porta da casa de Maria. Ela abriu-nos, fez-nos entrar e nos aponta o seu Filho<\/i>\u201d.<\/p>\n<p><b>Visita ao Hospital S\u00e3o Francisco de Assis, no Rio<\/b><\/p>\n<p>Voltando ao Rio de Janeiro, Francisco visitou o Hospital S\u00e3o Francisco de Assis, um centro de recupera\u00e7\u00e3o de dependentes qu\u00edmicos, onde exortou os presentes a seguir o exemplo de S\u00e3o Francisco.<\/p>\n<p>No terceiro dia em terras brasileiras (25\/7\/13), um dos momentos mais marcantes foi o encontro do Papa com o ex-jogador de basquete, Oscar Schmidt, que estava combatendo contra um c\u00e2ncer; ele chorou muito ao ver o Santo Padre, a quem, ajoelhado, pediu uma b\u00ean\u00e7\u00e3o especial.<\/p>\n<p><b>Comovente encontro com a Comunidade de Varginha<\/b><\/p>\n<p>A seguir, o Bispo de Roma visitou a Comunidade de Varginha, no bairro de Manguinhos. Visivelmente comovido e \u00e0 vontade em meio aos moradores, o Papa dirigiu palavras de afeto, al\u00e9m de dar abra\u00e7os e b\u00ean\u00e7\u00e3os por onde passava. Chegou at\u00e9 a entrar em uma igreja evang\u00e9lica e uma das casas da comunidade.<\/p>\n<p>Maravilhosa e inesquec\u00edvel a cerim\u00f4nia de Acolhida do Papa em Copacabana por cerca de um milh\u00e3o de jovens, que o receberam com cantos e apresenta\u00e7\u00f5es art\u00edsticas, diante das Bandeiras de 175 pa\u00edses representados na JMJ Rio2013. Uma brasileira falou-lhe da f\u00e9 do povo do norte ao sul do pa\u00eds e lhe ofereceu uma muda de Pau Brasil, \u00e1rvore nativa do Brasil.<\/p>\n<p><b>Papa atende confiss\u00e3o de cinco jovens<\/b><\/p>\n<p>No quarto dia (26\/7\/13), o Pont\u00edfice atendeu a confiss\u00e3o de cinco jovens, na Quinta da Boa Vista; encontrou oito menores infratores, dos quais recebeu uma cruz com a inscri\u00e7\u00e3o: &#8220;Candel\u00e1ria nunca mais&#8221; e o nome dos adolescentes mortos na Chacina da Candel\u00e1ria. Emocionado, o Papa repetiu: &#8220;Candel\u00e1ria, nunca mais! Viol\u00eancia, nunca mais! S\u00f3 amor!\u201d<\/p>\n<p>\u00c0 tarde, Francisco encontrou os fi\u00e9is no bairro da Gl\u00f3ria, com os quais rezou a ora\u00e7\u00e3o do Angelus. Na sua alocu\u00e7\u00e3o mariana, dirigiu seu pensamento aos idosos e o di\u00e1logo entre gera\u00e7\u00f5es.<\/p>\n<p><b>Via-Sacra com os jovens, em Copacabana<\/b><\/p>\n<p>\u00c0 noite, o Papa presidiu \u00e0 Via-Sacra com os Jovens, em Copacabana. Nas encena\u00e7\u00f5es das esta\u00e7\u00f5es foram tratados temas de atualidade, como a defesa da vida, o problema das drogas, a viol\u00eancia, que aflige a sociedade, entre outros.<\/p>\n<p>Ao t\u00e9rmino da Via-Sacra, Francisco destacou a presen\u00e7a da cruz na vida dos crist\u00e3os, dizendo que \u201cJesus se une aos que est\u00e3o em dificuldades, aos que sofrem, pois Ele acolhe todos, de bra\u00e7os abertos. Por\u00e9m, os jovens devem ajud\u00e1-Lo a carregar a Cruz nas alegrias e sofrimentos\u201d.<\/p>\n<p><b>Missa com os bispos e religiosos do Brasil<\/b><\/p>\n<p>No quinto ano da sua visita ao Rio de Janeiro (27\/7\/13), o Santo Padre celebrou Missa na Catedral Metropolitana para os Bispos e religiosos do pa\u00eds, durante a qual convidou os presentes a refletir sobre as voca\u00e7\u00f5es.<\/p>\n<p>A seguir, no Theatro Municipal, abordou a import\u00e2ncia do &#8216;di\u00e1logo construtivo&#8217; nos desafios da sociedade atual. Representantes ind\u00edgenas fizeram uma apresenta\u00e7\u00e3o e ofereceram ao Pont\u00edfice um cocar, que o colocou imediatamente na cabe\u00e7a, sob o aplauso dos presentes.<\/p>\n<p><b>Na Vig\u00edlia de Ora\u00e7\u00e3o, a incumb\u00eancia aos jovens de liderar as mudan\u00e7as na sociedade<\/b><\/p>\n<p>Por fim, o ponto alto do dia, foi a Vig\u00edlia de Ora\u00e7\u00e3o, em Copacabana, da qual tomaram parte cerca de tr\u00eas milh\u00f5es de peregrinos. Em discurso, o Papa disse que os jovens devem liderar as mudan\u00e7as na sociedade. Ali, os jovens passaram a noite em vig\u00edlia. Muito dormiram na praia de Copacabana, j\u00e1 em vista da celebra\u00e7\u00e3o da Missa de Envio, no dia seguinte.<\/p>\n<p>Na ocasi\u00e3o, o Papa convidou os jovens a sa\u00edram \u00e0s ruas para expressar seu desejo de uma civiliza\u00e7\u00e3o mais justa e fraterna. Os jovens querem ser protagonistas da mudan\u00e7a. Por isso, os animou, com base nos valores do Evangelho, a superar a apatia e a dar uma resposta crist\u00e3 \u00e0s inquietudes sociais e pol\u00edticas.<\/p>\n<div>\n<div class=\"article__embed article__embed--border embed_style\">\n<blockquote><p>\u201cQueridos amigos, n\u00e3o se esque\u00e7am: voc\u00eas s\u00e3o o campo da f\u00e9! Voc\u00eas s\u00e3o os atletas de Cristo! Voc\u00eas s\u00e3o os construtores de uma Igreja mais bela e de um mundo melhor.\u201d<\/p><\/blockquote>\n<\/div>\n<\/div>\n<p>No sexto e \u00faltimo dia de perman\u00eancia no Rio de Janeiro, Francisco presidiu \u00e0 celebra\u00e7\u00e3o da Missa de Envio, que, devido ao mau tempo, foi transferida para a Praia de Copacabana, da qual participaram tr\u00eas milh\u00f5es e setecentos mil peregrinos.<\/p>\n<p><b>Na Missa de Envio, &#8220;Ide, sem medo, pra servir&#8221;<\/b><\/p>\n<p>Em sua homilia, o Papa falou sobre a import\u00e2ncia da evangeliza\u00e7\u00e3o dos jovens e a necessidade do seu envolvimento e comprometimento com a Igreja:<\/p>\n<p>\u201c<i>Ide, sem medo, para servir. Sabem qual \u00e9 o melhor instrumento para evangelizar os jovens? Outro jovem! Este \u00e9 o caminho a ser percorrido por voc\u00eas!&nbsp;&nbsp;&nbsp;&nbsp;&nbsp;<\/i>\u201d<\/p>\n<p><b>Memor\u00e1vel encontro com bispos do Celam<\/b><\/p>\n<p>Na conclus\u00e3o desta primeira Viagem Apost\u00f3lica internacional do seu Pontificado, o Papa Francisco manteve um encontro com 60 Bispos latino-americanos, aos quais falou sobre os desafios da Igreja, a organiza\u00e7\u00e3o territorial das par\u00f3quias e dioceses. Depois, criticou os que usam o Evangelho em defesa de ideologias. Os mission\u00e1rios, disse, devem ir \u201cn\u00e3o ao centro\u201d das cidades, mas \u00e0s periferias\u201d.<\/p>\n<p>Enfim, ao se despedir da Cidade Maravilhosa, o Papa manteve ainda um encontro com os Volunt\u00e1rios, ao todo cerca de 15 mil, aos quais expressou sua gratid\u00e3o:<\/p>\n<p>\u201c<i>Voc\u00eas provaram que a maior alegria \u00e9 dar do que receber. Pe\u00e7o-lhes que sejam revolucion\u00e1rios. Eu tenho confian\u00e7a em voc\u00eas, jovens, e rezo por voc\u00eas. Tenham a coragem de ir contra a corrente e tenham a coragem de ser felizes<\/i>\u201d.<\/p>\n<p><b>Francisco despede-se do Brasil<\/b><\/p>\n<p>Assim, o Santo Padre concluiu suas atividades no Rio de Janeiro. E, antes de tomar o avi\u00e3o, para regressar ao Vaticano, despediu-se das autoridades, civis e religiosas, aos quais disse:<\/p>\n<p>\u201c<i>Nesse momento, j\u00e1 come\u00e7o a sentir saudades. Saudades do Brasil, deste povo de grande cora\u00e7\u00e3o, deste povo t\u00e3o amoroso. Este Papa precisa da ora\u00e7\u00e3o de todos voc\u00eas. Um abra\u00e7o para todos e que Deus os aben\u00e7oe<\/i>\u201d.<\/p>\n","protected":false},"excerpt":{"rendered":"<p>Cinco anos da primeira Viagem Apost\u00f3lica Internacional do Papa Francisco: JMJ &#8211; Rio de Janeiro 2013, cuja celebra\u00e7\u00e3o principal, a Santa Missa no dia 28 de julho, reuniu tr\u00eas milh\u00f5es e setecentas mil pessoas na Praia de Copacabana. Neste domingo, 22 de julho, celebramos o V anivers\u00e1rio da Primeira Viagem Apost\u00f3lica do Pontificado do Papa&nbsp;<\/p>\n<p><a class=\"btn btn-style\" href=\"http:\/\/portalcatolico.net\/portal\/quinto-aniversario-da-primeira-viagem-apostolica-de-francisco\/\">Continue Reading<\/a><\/p>\n","protected":false},"author":2,"featured_media":57376,"comment_status":"open","ping_status":"open","sticky":false,"template":"","format":"standard","meta":{"footnotes":""},"categories":[5],"tags":[],"class_list":["post-57375","post","type-post","status-publish","format-standard","has-post-thumbnail","hentry","category-igreja_no_mundo"],"_links":{"self":[{"href":"http:\/\/portalcatolico.net\/portal\/wp-json\/wp\/v2\/posts\/57375","targetHints":{"allow":["GET"]}}],"collection":[{"href":"http:\/\/portalcatolico.net\/portal\/wp-json\/wp\/v2\/posts"}],"about":[{"href":"http:\/\/portalcatolico.net\/portal\/wp-json\/wp\/v2\/types\/post"}],"author":[{"embeddable":true,"href":"http:\/\/portalcatolico.net\/portal\/wp-json\/wp\/v2\/users\/2"}],"replies":[{"embeddable":true,"href":"http:\/\/portalcatolico.net\/portal\/wp-json\/wp\/v2\/comments?post=57375"}],"version-history":[{"count":1,"href":"http:\/\/portalcatolico.net\/portal\/wp-json\/wp\/v2\/posts\/57375\/revisions"}],"predecessor-version":[{"id":57377,"href":"http:\/\/portalcatolico.net\/portal\/wp-json\/wp\/v2\/posts\/57375\/revisions\/57377"}],"wp:featuredmedia":[{"embeddable":true,"href":"http:\/\/portalcatolico.net\/portal\/wp-json\/wp\/v2\/media\/57376"}],"wp:attachment":[{"href":"http:\/\/portalcatolico.net\/portal\/wp-json\/wp\/v2\/media?parent=57375"}],"wp:term":[{"taxonomy":"category","embeddable":true,"href":"http:\/\/portalcatolico.net\/portal\/wp-json\/wp\/v2\/categories?post=57375"},{"taxonomy":"post_tag","embeddable":true,"href":"http:\/\/portalcatolico.net\/portal\/wp-json\/wp\/v2\/tags?post=57375"}],"curies":[{"name":"wp","href":"https:\/\/api.w.org\/{rel}","templated":true}]}}