{"id":57372,"date":"2018-07-21T22:22:07","date_gmt":"2018-07-22T01:22:07","guid":{"rendered":"http:\/\/portalcatolico.net\/portal\/?p=57372"},"modified":"2018-07-23T18:57:07","modified_gmt":"2018-07-23T21:57:07","slug":"inscricoes-para-o-edj-em-itabuna-ja-estao-abertas","status":"publish","type":"post","link":"http:\/\/portalcatolico.net\/portal\/inscricoes-para-o-edj-em-itabuna-ja-estao-abertas\/","title":{"rendered":"Inscri\u00e7\u00f5es para o EDJ em Itabuna j\u00e1 est\u00e3o abertas"},"content":{"rendered":"<p style=\"font-weight: 400;\">Nos dia 27, 28 e 29 de julho, em Itabuna (BA), acontecer\u00e1 um dos&nbsp; maiores&nbsp; encontros para a juventude: o EDJ, que est\u00e1 sendo organizado&nbsp; pelo Minist\u00e9rio&nbsp;Jovem da Renova\u00e7\u00e3o Carism\u00e1tica Cat\u00f3lica. O EDJ re\u00fane sempre milhares de&nbsp; jovens que buscam ter uma profunda experi\u00eancia com Deus, com prega\u00e7\u00f5es,&nbsp;ora\u00e7\u00e3o, anima\u00e7\u00e3o, missa&nbsp; e show. Com o tema: &#8220;Ap\u00f3stolos e guardi\u00f5es da identidade&#8221;.<br \/>\nA edi\u00e7\u00e3o desse ano contar\u00e1 com presen\u00e7as de Bruno Luiz (do grupo de&nbsp;Ora\u00e7\u00e3o nova Alian\u00e7a da cidade de Camacan), Alexsandro Nonato (Presidente&nbsp; diocesano&nbsp; da RCC da Diocese de Itabuna), Tales Bispo (Coordenador&nbsp;Diocesano do Minist\u00e9rio Jovem) , Vandinha (Coordenadora do Minist\u00e9rio&nbsp; Jovem da Diocese de Jequi\u00e9), Rafael Santana (Fundador do MEFA),&nbsp;membros do MEFA-Minist\u00e9rio&nbsp; Eucar\u00edstico Fogo no Altar e&nbsp;por Dom Carlos Alberto dos&nbsp;Santos, Bispo Diocesano da Diocese de Itabuna.&nbsp;<\/p>\n<p style=\"font-weight: 400;\">A inscri\u00e7\u00e3o est\u00e1 custando 20 reais. Para&nbsp; outras informa\u00e7\u00f5es, entre em contato com Tales&nbsp;Bispo (73), no telefone: 9 8891-9634.<\/p>\n<p style=\"font-weight: 400;\">Participe!<\/p>\n<p style=\"font-weight: 400;\"><strong>&nbsp;<\/strong><\/p>\n","protected":false},"excerpt":{"rendered":"<p>Nos dia 27, 28 e 29 de julho, em Itabuna (BA), acontecer\u00e1 um dos&nbsp; maiores&nbsp; encontros para a juventude: o EDJ, que est\u00e1 sendo organizado&nbsp; pelo Minist\u00e9rio&nbsp;Jovem da Renova\u00e7\u00e3o Carism\u00e1tica Cat\u00f3lica. O EDJ re\u00fane sempre milhares de&nbsp; jovens que buscam ter uma profunda experi\u00eancia com Deus, com prega\u00e7\u00f5es,&nbsp;ora\u00e7\u00e3o, anima\u00e7\u00e3o, missa&nbsp; e show. Com o tema:&nbsp;<\/p>\n<p><a class=\"btn btn-style\" href=\"http:\/\/portalcatolico.net\/portal\/inscricoes-para-o-edj-em-itabuna-ja-estao-abertas\/\">Continue Reading<\/a><\/p>\n","protected":false},"author":2,"featured_media":57373,"comment_status":"open","ping_status":"open","sticky":false,"template":"","format":"standard","meta":{"footnotes":""},"categories":[1],"tags":[],"class_list":["post-57372","post","type-post","status-publish","format-standard","has-post-thumbnail","hentry","category-agenda"],"_links":{"self":[{"href":"http:\/\/portalcatolico.net\/portal\/wp-json\/wp\/v2\/posts\/57372","targetHints":{"allow":["GET"]}}],"collection":[{"href":"http:\/\/portalcatolico.net\/portal\/wp-json\/wp\/v2\/posts"}],"about":[{"href":"http:\/\/portalcatolico.net\/portal\/wp-json\/wp\/v2\/types\/post"}],"author":[{"embeddable":true,"href":"http:\/\/portalcatolico.net\/portal\/wp-json\/wp\/v2\/users\/2"}],"replies":[{"embeddable":true,"href":"http:\/\/portalcatolico.net\/portal\/wp-json\/wp\/v2\/comments?post=57372"}],"version-history":[{"count":2,"href":"http:\/\/portalcatolico.net\/portal\/wp-json\/wp\/v2\/posts\/57372\/revisions"}],"predecessor-version":[{"id":57378,"href":"http:\/\/portalcatolico.net\/portal\/wp-json\/wp\/v2\/posts\/57372\/revisions\/57378"}],"wp:featuredmedia":[{"embeddable":true,"href":"http:\/\/portalcatolico.net\/portal\/wp-json\/wp\/v2\/media\/57373"}],"wp:attachment":[{"href":"http:\/\/portalcatolico.net\/portal\/wp-json\/wp\/v2\/media?parent=57372"}],"wp:term":[{"taxonomy":"category","embeddable":true,"href":"http:\/\/portalcatolico.net\/portal\/wp-json\/wp\/v2\/categories?post=57372"},{"taxonomy":"post_tag","embeddable":true,"href":"http:\/\/portalcatolico.net\/portal\/wp-json\/wp\/v2\/tags?post=57372"}],"curies":[{"name":"wp","href":"https:\/\/api.w.org\/{rel}","templated":true}]}}