{"id":57365,"date":"2018-07-20T23:21:00","date_gmt":"2018-07-21T02:21:00","guid":{"rendered":"http:\/\/portalcatolico.net\/portal\/?p=57365"},"modified":"2018-07-20T23:25:50","modified_gmt":"2018-07-21T02:25:50","slug":"festa-em-louvor-a-senhora-santana-continua-em-buerarema","status":"publish","type":"post","link":"http:\/\/portalcatolico.net\/portal\/festa-em-louvor-a-senhora-santana-continua-em-buerarema\/","title":{"rendered":"Festa em louvor a Senhora Sant&#8217;Ana continua em Buerarema"},"content":{"rendered":"<p style=\"font-weight: 400;\">A Comunidade Cat\u00f3lica de&nbsp; Senhora Sant&#8217;Ana, na cidade de Buerarema (BA),&nbsp;est\u00e1 realizando as festividades de sua padroeira. O noven\u00e1rio&nbsp; que tem como tema central: &#8220;Senhora Sant&#8217;Ana, exemplo de leiga e servidora na&nbsp;miss\u00e3o de Jesus&#8221; est\u00e1 acontecendo \u00e0s 19h, na Igreja Santu\u00e1rio Senhora&nbsp;Sant\u00b4Ana, no centro da cidade.<\/p>\n<p style=\"font-weight: 400;\">Nesta quinta-feira (19) aconteceu a 4\u00aa noite do Noven\u00e1rio que foi dedicada \u00e0s&nbsp;mulheres. E para presidir&nbsp; e&nbsp; refletir o tema, o convidado&nbsp;foi Padre&nbsp;Tony Val\u00e9rio, p\u00e1roco da Par\u00f3quia Santa Maria Madalena de Itabuna.<\/p>\n<p style=\"font-weight: 400;\">Na homilia, ele ressaltou a figura da mulher: &#8220;As mulheres s\u00e3o privilegiadas tamb\u00e9m no plano de Deus. As mulheres s\u00e3o os estandartes da Igreja. A mulher \u00e9 a coluna da Igreja. Quem gerou Jesus? Uma mulher! Maria&#8230;a mulher importante da Igreja. Quem anunciou Jesus depois da morte? Uma mulher, que \u00e9 a Santa Maria Madalena. Ent\u00e3o, as mulheres t\u00eam seu papel fundamental dentro da Igreja. E o tema desse noven\u00e1rio de hoje, quer nos dizer, que a Senhora Sant&#8217;Ana que foi um exemplo de leiga, foi servidora na miss\u00e3o de Jesus e que o nosso papel \u00e9 servir na miss\u00e3o de Jesus&#8221;.<\/p>\n<p style=\"font-weight: 400;\">O evento segue com a programa\u00e7\u00e3o at\u00e9 quinta-feira, 26 de&nbsp;julho.<\/p>\n<p style=\"font-weight: 400;\">A quermesse&nbsp;ocorre todas as noites ,logo ap\u00f3s a Celebra\u00e7\u00e3o Eucar\u00edstica com barracas de&nbsp;bolos, doces, mini pizza, pastel, churrasco, cachorro-quente, entre&nbsp;outros alimentos.<br \/>\nA Par\u00f3quia Senhora Sant&#8217;Ana pertence \u00e0 Diocese de Itabuna, no sul da&nbsp;Bahia.<\/p>\n<p>Confira as fotos na nossa pagina do Facebook. <a href=\"https:\/\/www.facebook.com\/portalcatolicooficial\"><span style=\"color: #ff0000;\">CLIQUE AQUI<\/span><\/a><\/p>\n<p><img loading=\"lazy\" decoding=\"async\" class=\"wp-image-57367 aligncenter\" src=\"http:\/\/portalcatolico.net\/portal\/wp-content\/uploads\/2018\/07\/37380422_860898290787848_1789683997178068992_n-300x200.jpg\" alt=\"\" width=\"725\" height=\"483\" srcset=\"http:\/\/portalcatolico.net\/portal\/wp-content\/uploads\/2018\/07\/37380422_860898290787848_1789683997178068992_n-300x200.jpg 300w, http:\/\/portalcatolico.net\/portal\/wp-content\/uploads\/2018\/07\/37380422_860898290787848_1789683997178068992_n-768x512.jpg 768w, http:\/\/portalcatolico.net\/portal\/wp-content\/uploads\/2018\/07\/37380422_860898290787848_1789683997178068992_n.jpg 960w\" sizes=\"auto, (max-width: 725px) 100vw, 725px\" \/><\/p>\n","protected":false},"excerpt":{"rendered":"<p>A Comunidade Cat\u00f3lica de&nbsp; Senhora Sant&#8217;Ana, na cidade de Buerarema (BA),&nbsp;est\u00e1 realizando as festividades de sua padroeira. O noven\u00e1rio&nbsp; que tem como tema central: &#8220;Senhora Sant&#8217;Ana, exemplo de leiga e servidora na&nbsp;miss\u00e3o de Jesus&#8221; est\u00e1 acontecendo \u00e0s 19h, na Igreja Santu\u00e1rio Senhora&nbsp;Sant\u00b4Ana, no centro da cidade. Nesta quinta-feira (19) aconteceu a 4\u00aa noite do Noven\u00e1rio&nbsp;<\/p>\n<p><a class=\"btn btn-style\" href=\"http:\/\/portalcatolico.net\/portal\/festa-em-louvor-a-senhora-santana-continua-em-buerarema\/\">Continue Reading<\/a><\/p>\n","protected":false},"author":2,"featured_media":57366,"comment_status":"open","ping_status":"open","sticky":false,"template":"","format":"standard","meta":{"footnotes":""},"categories":[68],"tags":[],"class_list":["post-57365","post","type-post","status-publish","format-standard","has-post-thumbnail","hentry","category-homilias"],"_links":{"self":[{"href":"http:\/\/portalcatolico.net\/portal\/wp-json\/wp\/v2\/posts\/57365","targetHints":{"allow":["GET"]}}],"collection":[{"href":"http:\/\/portalcatolico.net\/portal\/wp-json\/wp\/v2\/posts"}],"about":[{"href":"http:\/\/portalcatolico.net\/portal\/wp-json\/wp\/v2\/types\/post"}],"author":[{"embeddable":true,"href":"http:\/\/portalcatolico.net\/portal\/wp-json\/wp\/v2\/users\/2"}],"replies":[{"embeddable":true,"href":"http:\/\/portalcatolico.net\/portal\/wp-json\/wp\/v2\/comments?post=57365"}],"version-history":[{"count":3,"href":"http:\/\/portalcatolico.net\/portal\/wp-json\/wp\/v2\/posts\/57365\/revisions"}],"predecessor-version":[{"id":57370,"href":"http:\/\/portalcatolico.net\/portal\/wp-json\/wp\/v2\/posts\/57365\/revisions\/57370"}],"wp:featuredmedia":[{"embeddable":true,"href":"http:\/\/portalcatolico.net\/portal\/wp-json\/wp\/v2\/media\/57366"}],"wp:attachment":[{"href":"http:\/\/portalcatolico.net\/portal\/wp-json\/wp\/v2\/media?parent=57365"}],"wp:term":[{"taxonomy":"category","embeddable":true,"href":"http:\/\/portalcatolico.net\/portal\/wp-json\/wp\/v2\/categories?post=57365"},{"taxonomy":"post_tag","embeddable":true,"href":"http:\/\/portalcatolico.net\/portal\/wp-json\/wp\/v2\/tags?post=57365"}],"curies":[{"name":"wp","href":"https:\/\/api.w.org\/{rel}","templated":true}]}}