{"id":57359,"date":"2018-07-19T06:19:31","date_gmt":"2018-07-19T09:19:31","guid":{"rendered":"http:\/\/portalcatolico.net\/portal\/?p=57359"},"modified":"2018-07-19T06:22:26","modified_gmt":"2018-07-19T09:22:26","slug":"religiosa-que-ouviu-o-chamado-a-se-consagrar-pelos-sacerdotes-completa-100-anos","status":"publish","type":"post","link":"http:\/\/portalcatolico.net\/portal\/religiosa-que-ouviu-o-chamado-a-se-consagrar-pelos-sacerdotes-completa-100-anos\/","title":{"rendered":"Religiosa que ouviu o chamado a se consagrar pelos sacerdotes completa 100 anos"},"content":{"rendered":"<p>No pr\u00f3ximo domingo, 22 de julho, a fundadora do Instituto Nossa Senhora do Bom Conselho, Madre Maria Bernadete, completa 100 anos, sendo um testemunho vivo para muitas religiosas que, assim como ela, ouviram o chamado a se consagrar pelos sacerdotes.<\/p>\n<p>\u201c\u00c9 uma grande d\u00e1diva para o Instituto poder celebrar o centen\u00e1rio de uma fundadora ainda presente em nosso meio\u201d, indicou a&nbsp;<a href=\"https:\/\/www.acidigital.com\/\">ACI<\/a>&nbsp;Digital a novi\u00e7a Ir. Aloisa.<\/p>\n<p>Maria Madalena de Figueiredo \u2013 seu nome de&nbsp;batismo&nbsp;\u2013 a nasceu em 22 de julho de 1918, em Sousa (PB), e \u00e9 a primeira dos doze filhos de Manoel Francisco de Figueiredo e Francisca Maria de Figueiredo.<\/p>\n<p>Proveniente de uma fam\u00edlia bastante religiosa e piedosa, desde pequena participava na&nbsp;Igreja&nbsp;e gostava de frequentar a Adora\u00e7\u00e3o Eucar\u00edstica. Aos 19 anos, ingressou no Convento das Irm\u00e3s Mission\u00e1rias Carmelitas, na cidade de Cajazeiras. Adotou o nome religioso de Irm\u00e3 Maria Bernadete de Jesus.<\/p>\n<p>Em janeiro de 1952, dois anos ap\u00f3s os votos perp\u00e9tuos, foi eleita Superiora Geral. Mas, tinha um grande desejo de incluir na Ordem o compromisso de imolar-se pela santifica\u00e7\u00e3o dos sacerdotes e fez esse pedido ao bispo.<\/p>\n<p>Como n\u00e3o recebeu a aprova\u00e7\u00e3o, o padre fundador a orientou a enviar uma carta a Roma, de onde, tempos depois, recebeu uma resposta aconselhando-a a desligar-se do Carmelo para uma nova funda\u00e7\u00e3o.<\/p>\n<p>Foi o que fez e, juntamente com algumas religiosas que pediram para acompanh\u00e1-la, desligou-se da Congrega\u00e7\u00e3o das Irm\u00e3s Mission\u00e1rias Carmelitas em 13 de janeiro de 1957.<\/p>\n<p>Foram para o Rio de Janeiro, onde receberam o apoio do ent\u00e3o Cardeal Jaime de Barros C\u00e2mara, que as acompanhou nos primeiros anos e as orientou espiritualmente.<\/p>\n<p>A funda\u00e7\u00e3o recebeu o nome de Instituto Nossa Senhora do Bom Conselho e, mais tarde, sua sede foi transferida para a Arquidiocese de Niter\u00f3i (RJ), sendo sua casa principal localizada na cidade de Maric\u00e1 (RJ).<\/p>\n<p>As religiosas do Instituto Nossa Senhora do Bom Conselho se consagram pela santifica\u00e7\u00e3o dos sacerdotes e seu carisma \u00e9 inspirado no texto Joanino: \u201cPor eles, eu me consagro\u201d (Jo 17,19).<\/p>\n<p>Em 2013, quando completou 95 anos de&nbsp;vida&nbsp;e o Instituto do Bom Conselho fez 50 anos de funda\u00e7\u00e3o, Madre Bernadete teve a oportunidade de se encontrar com o Papa Francisco durante sua visita ao Rio de Janeiro, por ocasi\u00e3o da Jornada Mundial da Juventude (JMJ).<\/p>\n<p><img loading=\"lazy\" decoding=\"async\" class=\"aligncenter\" src=\"https:\/\/www.acidigital.com\/imagespp\/Fundadora_com_o_Papa_Francisco.jpg\" alt=\"\" width=\"727\" height=\"1092\"><\/p>\n<h6><em>Madre Maria Bernadete com o Papa Francisco \/ Foto: Instituto Nossa Senhora do Bom Conselho<\/em><\/h6>\n<p>\u201c\u00c9 muito dif\u00edcil explicar o sentimento de encontrar o Papa, mas \u00e9 um momento de muita alegria e emo\u00e7\u00e3o\u201d, disse \u00e0 \u00e9poca ao \u2018Jornal do Brasil\u2019, lembrando que tamb\u00e9m j\u00e1 havia encontrado S\u00e3o Jo\u00e3o Paulo II, no Rio de Janeiro, em 1997.<\/p>\n<p><strong>Testemunho vivo para jovens religiosas<\/strong><\/p>\n<p>Com uma hist\u00f3ria de vida que se confunde com a hist\u00f3ria do pr\u00f3prio Instituto, Madre Maria Bernadete, hoje, \u00e9 um testemunho para as religiosas do Bom Conselho.<\/p>\n<p>Para Ir. Amanda, novi\u00e7a do segundo ano, \u201c\u00e9 um verdadeiro jubileu comemorar o centen\u00e1rio de uma fundadora que est\u00e1 no meio de n\u00f3s testemunhando fidelidade \u00e0 voca\u00e7\u00e3o e acreditando que Deus caminha em nossa historia e faz em n\u00f3s maravilhas\u201d.<\/p>\n<p><img loading=\"lazy\" decoding=\"async\" class=\"aligncenter\" src=\"https:\/\/www.acidigital.com\/imagespp\/D_-com_aspirantes.jpg\" alt=\"\" width=\"689\" height=\"388\"><\/p>\n<h6><em>Madre Maria Bernadete com algumas jovens aspirantes \/ Foto: Instituto Nossa Senhora do Bom Conselho<\/em><\/h6>\n<p>A religiosa destaca que, \u201ccom sua vida\u201d, Madre Bernadete \u201ctraduz o seu lema \u2018sei em quem acreditei\u2019, n\u00e3o deixa transparecer sofrimentos em sua face, pelo contr\u00e1rio, h\u00e1 em seu semblante grande serenidade, pr\u00f3prio daqueles que sabem fazer valer a vida doada por Cristo, se imolando pelos sacerdotes\u201d.<\/p>\n<p>Para muitas integrantes do Instituto, a fundadora personifica algumas palavras do pr\u00f3prio Jesus. Segundo Ir. Ana Paula, novi\u00e7a do primeiro ano, a Madre a recorda quando Cristo diz que \u201cquem faz a vontade do meu Pai, que est\u00e1 nos c\u00e9us, este \u00e9 meu irm\u00e3o, minha irm\u00e3 e minha m\u00e3e\u201d.<\/p>\n<p>Por sua vez, Ir. Rivane, novi\u00e7a do segundo ano, indica que v\u00ea na Madre \u201ca promessa de Nosso Senhor que diz que todo aquele que deixa tudo para segui-Lo recebe \u2018cem vezes mais ainda nesta terra\u2019\u201d.<\/p>\n<p>J\u00e1 Ir. Suzilene, novi\u00e7a do primeiro ano, enxerga o testemunho da fundadora como uma \u201crepresenta\u00e7\u00e3o viva de Nossa Senhora, nossa M\u00e3e, Virgem fiel e prudente que cumpriu os des\u00edgnios do Pai, fazendo-se serva obediente\u201d.<\/p>\n<p>Estas jovens que tamb\u00e9m ouvem o chamado a se consagrar pelos sacerdotes t\u00eam em sua fundadora \u201cum testemunho de mulher forte, corajosa e fiel \u00e0 vontade amorosa de Deus\u201d, como assinala a postulante Maria Luiza.<\/p>\n<p>Trata-se, acrescenta a postulando Alessandra, de \u201cuma vida inteira de total entrega a Deus\u201d, com um \u201cbel\u00edssimo testemunho de fidelidade a Nosso Senhor, de amor pela Santa Igreja e de imola\u00e7\u00e3o pelos sacerdotes\u201d.(Acidigital)<\/p>\n<p>Por Natalia Zimbr\u00e3o<\/p>\n<p>&nbsp;Fotos: Instituto Nossa Senhora do Bom Conselho<\/p>\n","protected":false},"excerpt":{"rendered":"<p>No pr\u00f3ximo domingo, 22 de julho, a fundadora do Instituto Nossa Senhora do Bom Conselho, Madre Maria Bernadete, completa 100 anos, sendo um testemunho vivo para muitas religiosas que, assim como ela, ouviram o chamado a se consagrar pelos sacerdotes. \u201c\u00c9 uma grande d\u00e1diva para o Instituto poder celebrar o centen\u00e1rio de uma fundadora ainda&nbsp;<\/p>\n<p><a class=\"btn btn-style\" href=\"http:\/\/portalcatolico.net\/portal\/religiosa-que-ouviu-o-chamado-a-se-consagrar-pelos-sacerdotes-completa-100-anos\/\">Continue Reading<\/a><\/p>\n","protected":false},"author":2,"featured_media":57360,"comment_status":"open","ping_status":"open","sticky":false,"template":"","format":"standard","meta":{"footnotes":""},"categories":[5],"tags":[],"class_list":["post-57359","post","type-post","status-publish","format-standard","has-post-thumbnail","hentry","category-igreja_no_mundo"],"_links":{"self":[{"href":"http:\/\/portalcatolico.net\/portal\/wp-json\/wp\/v2\/posts\/57359","targetHints":{"allow":["GET"]}}],"collection":[{"href":"http:\/\/portalcatolico.net\/portal\/wp-json\/wp\/v2\/posts"}],"about":[{"href":"http:\/\/portalcatolico.net\/portal\/wp-json\/wp\/v2\/types\/post"}],"author":[{"embeddable":true,"href":"http:\/\/portalcatolico.net\/portal\/wp-json\/wp\/v2\/users\/2"}],"replies":[{"embeddable":true,"href":"http:\/\/portalcatolico.net\/portal\/wp-json\/wp\/v2\/comments?post=57359"}],"version-history":[{"count":2,"href":"http:\/\/portalcatolico.net\/portal\/wp-json\/wp\/v2\/posts\/57359\/revisions"}],"predecessor-version":[{"id":57362,"href":"http:\/\/portalcatolico.net\/portal\/wp-json\/wp\/v2\/posts\/57359\/revisions\/57362"}],"wp:featuredmedia":[{"embeddable":true,"href":"http:\/\/portalcatolico.net\/portal\/wp-json\/wp\/v2\/media\/57360"}],"wp:attachment":[{"href":"http:\/\/portalcatolico.net\/portal\/wp-json\/wp\/v2\/media?parent=57359"}],"wp:term":[{"taxonomy":"category","embeddable":true,"href":"http:\/\/portalcatolico.net\/portal\/wp-json\/wp\/v2\/categories?post=57359"},{"taxonomy":"post_tag","embeddable":true,"href":"http:\/\/portalcatolico.net\/portal\/wp-json\/wp\/v2\/tags?post=57359"}],"curies":[{"name":"wp","href":"https:\/\/api.w.org\/{rel}","templated":true}]}}