{"id":57351,"date":"2018-07-18T22:42:50","date_gmt":"2018-07-19T01:42:50","guid":{"rendered":"http:\/\/portalcatolico.net\/portal\/?p=57351"},"modified":"2018-07-19T06:02:21","modified_gmt":"2018-07-19T09:02:21","slug":"continua-em-itabuna-o-novenario-em-honra-a-santa-maria-madalena","status":"publish","type":"post","link":"http:\/\/portalcatolico.net\/portal\/continua-em-itabuna-o-novenario-em-honra-a-santa-maria-madalena\/","title":{"rendered":"Continua em Itabuna o Noven\u00e1rio em honra a Santa Maria Madalena"},"content":{"rendered":"<p style=\"font-weight: 400;\">No dia 22 de julho \u00e9 comemorado a festa em honra a Santa Maria Madalena.&nbsp;Na Diocese de Itabuna, no sul da Bahia, os&nbsp; preparativos tiveram in\u00edcio na&nbsp; \u00faltima sexta-feira (13), para celebrar o dia da santa.<\/p>\n<p style=\"font-weight: 400;\">O tema&nbsp; central da festa para este ano \u00e9: &#8220;Maria&nbsp;Madalena exemplo de leiga&nbsp; e servidora na Miss\u00e3o de Jesus&#8221;.<\/p>\n<p style=\"font-weight: 400;\">O padre Tony&nbsp;Val\u00e9rio Rodrigues, p\u00e1roco e administrador da Paroquia Santa Maria&nbsp;&nbsp;Madalena, publicou em sua p\u00e1gina do Facebook, uma mensagem convidando os&nbsp;fieis para participarem da festa em&nbsp; &nbsp; &nbsp; homenagem a padroeira e do bloco vem pra Cristo do bairro Nova&nbsp; Itabuna.&nbsp;<\/p>\n<p style=\"font-weight: 400;\"><strong>Confira a mensagem:<\/strong><br \/>\n&#8220;Convido voc\u00ea e sua fam\u00edlia&nbsp;juntamente com sua caravana para participarem do bloco&nbsp; Vem pra Cristo&nbsp;, com o&nbsp; tema&nbsp; &#8216;Eu tenho a marca da vit\u00f3ria&#8217;.&nbsp;&nbsp;Teremos a Santa Missa e buscaremos a cura e liberta\u00e7\u00e3o. Logo ap\u00f3s,&nbsp;sairemos com o trio el\u00e9trico com a anima\u00e7\u00e3o do Frei Ivan e Minist\u00e9rio de&nbsp;M\u00fasica da par\u00f3quia.&nbsp;Dia:22\/07 \u00e0s 17 horas&#8221;.<br \/>\nA camisa do bloco est\u00e1 sendo vendida a 12 reais. Os interessados devem&nbsp;procurar&nbsp; a secretaria da par\u00f3quia.<\/p>\n","protected":false},"excerpt":{"rendered":"<p>No dia 22 de julho \u00e9 comemorado a festa em honra a Santa Maria Madalena.&nbsp;Na Diocese de Itabuna, no sul da Bahia, os&nbsp; preparativos tiveram in\u00edcio na&nbsp; \u00faltima sexta-feira (13), para celebrar o dia da santa. O tema&nbsp; central da festa para este ano \u00e9: &#8220;Maria&nbsp;Madalena exemplo de leiga&nbsp; e servidora na Miss\u00e3o de Jesus&#8221;.&nbsp;<\/p>\n<p><a class=\"btn btn-style\" href=\"http:\/\/portalcatolico.net\/portal\/continua-em-itabuna-o-novenario-em-honra-a-santa-maria-madalena\/\">Continue Reading<\/a><\/p>\n","protected":false},"author":2,"featured_media":57352,"comment_status":"open","ping_status":"open","sticky":false,"template":"","format":"standard","meta":{"footnotes":""},"categories":[1],"tags":[],"class_list":["post-57351","post","type-post","status-publish","format-standard","has-post-thumbnail","hentry","category-agenda"],"_links":{"self":[{"href":"http:\/\/portalcatolico.net\/portal\/wp-json\/wp\/v2\/posts\/57351","targetHints":{"allow":["GET"]}}],"collection":[{"href":"http:\/\/portalcatolico.net\/portal\/wp-json\/wp\/v2\/posts"}],"about":[{"href":"http:\/\/portalcatolico.net\/portal\/wp-json\/wp\/v2\/types\/post"}],"author":[{"embeddable":true,"href":"http:\/\/portalcatolico.net\/portal\/wp-json\/wp\/v2\/users\/2"}],"replies":[{"embeddable":true,"href":"http:\/\/portalcatolico.net\/portal\/wp-json\/wp\/v2\/comments?post=57351"}],"version-history":[{"count":6,"href":"http:\/\/portalcatolico.net\/portal\/wp-json\/wp\/v2\/posts\/57351\/revisions"}],"predecessor-version":[{"id":57358,"href":"http:\/\/portalcatolico.net\/portal\/wp-json\/wp\/v2\/posts\/57351\/revisions\/57358"}],"wp:featuredmedia":[{"embeddable":true,"href":"http:\/\/portalcatolico.net\/portal\/wp-json\/wp\/v2\/media\/57352"}],"wp:attachment":[{"href":"http:\/\/portalcatolico.net\/portal\/wp-json\/wp\/v2\/media?parent=57351"}],"wp:term":[{"taxonomy":"category","embeddable":true,"href":"http:\/\/portalcatolico.net\/portal\/wp-json\/wp\/v2\/categories?post=57351"},{"taxonomy":"post_tag","embeddable":true,"href":"http:\/\/portalcatolico.net\/portal\/wp-json\/wp\/v2\/tags?post=57351"}],"curies":[{"name":"wp","href":"https:\/\/api.w.org\/{rel}","templated":true}]}}