{"id":57347,"date":"2018-07-18T18:03:49","date_gmt":"2018-07-18T21:03:49","guid":{"rendered":"http:\/\/portalcatolico.net\/portal\/?p=57347"},"modified":"2018-07-18T18:05:15","modified_gmt":"2018-07-18T21:05:15","slug":"dia-nacional-da-juventude-2018-ja-comeca-a-ser-preparado-pelos-jovens","status":"publish","type":"post","link":"http:\/\/portalcatolico.net\/portal\/dia-nacional-da-juventude-2018-ja-comeca-a-ser-preparado-pelos-jovens\/","title":{"rendered":"Dia Nacional da Juventude 2018 j\u00e1 come\u00e7a a ser preparado pelos jovens"},"content":{"rendered":"<p>Este ano, o m\u00eas de outubro vai ser mais especial para a juventude brasileira. De 3 a 28 de outubro, acontece em Roma a XV Assembleia Geral Ordin\u00e1ria do S\u00ednodo dos Bispos com o tema \u201cOs jovens, a f\u00e9 e o discernimento vocacional\u201d e no Brasil, dia 21, ser\u00e1 realizado o Dia Nacional da Juventude (DNJ) que vai trazer a tem\u00e1tica: \u201cJuventude Construindo uma Cultura de Paz\u201d e lema \u201cDisse estas coisas para que em mim voc\u00eas tenham paz, neste mundo voc\u00eas ter\u00e3o afli\u00e7\u00f5es, contudo tenham coragem, Eu venci o mundo\u201d (Jo 16,33).<\/p>\n<div id=\"attachment_197368\" class=\"wp-caption alignright\" style=\"width: 262px;\">\n<p><img loading=\"lazy\" decoding=\"async\" class=\"wp-image-197368\" src=\"http:\/\/www.cnbb.org.br\/wp-content\/uploads\/sites\/32\/2018\/07\/livreto-dnj-2018-300x300.png\" srcset=\"http:\/\/www.cnbb.org.br\/wp-content\/uploads\/sites\/32\/2018\/07\/livreto-dnj-2018-300x300.png 300w, http:\/\/www.cnbb.org.br\/wp-content\/uploads\/sites\/32\/2018\/07\/livreto-dnj-2018-300x300-150x150.png 150w\" alt=\"\" width=\"262\" height=\"262\"><\/p>\n<p class=\"wp-caption-text\"><em>&nbsp; &nbsp; &nbsp; &nbsp; &nbsp; &nbsp; &nbsp; &nbsp; &nbsp; &nbsp; &nbsp; Divulga\u00e7\u00e3o<\/em><\/p>\n<\/div>\n<p>Para se preparar para o DNJ j\u00e1 est\u00e1 dispon\u00edvel para compra o material, o cartaz e o subs\u00eddio com 48 p\u00e1ginas e que cont\u00e9m tr\u00eas roteiros de encontros, um Of\u00edcio Divino da Juventude, al\u00e9m de dicas de como organizar e preparar os encontros com os grupos de jovens.<\/p>\n<p>A proposta \u00e9 de refletir sobre as tem\u00e1ticas: \u201cDireitos Humanos\u201d, \u201cCultura de Paz\u201d e \u201cPol\u00edticas P\u00fablicas para a Juventude\u201d. O material traz tamb\u00e9m indica\u00e7\u00f5es de m\u00fasicas, cita\u00e7\u00f5es b\u00edblicas, textos, indica\u00e7\u00f5es de sites e filmes que podem contribuir com a organiza\u00e7\u00e3o metodol\u00f3gica dos encontros.<\/p>\n<p>Esse ano, a Campanha da Fraternidade, \u201cFraternidade e supera\u00e7\u00e3o da viol\u00eancia\u201d inspirou a cria\u00e7\u00e3o do cartaz oficial que foi todo desenvolvido a partir dessa tem\u00e1tica. A identidade do cartaz traz a cultura de paz e supera\u00e7\u00e3o da viol\u00eancia, mostrando o rosto de jovens que s\u00e3o v\u00edtimas da viol\u00eancia, mas tamb\u00e9m protagonistas na busca pela paz.<\/p>\n<p>O objetivo \u00e9 interpelar a partir da ideia da constru\u00e7\u00e3o da paz como forma de combate \u00e0 viol\u00eancia e a importante do papel do jovem neste processo.<\/p>\n<p>O Dia Nacional da Juventude surgiu em 1985, durante o Ano Internacional da Juventude, promovido pela Organiza\u00e7\u00e3o das Na\u00e7\u00f5es Unidas. Todos os anos organiza-se um dia de festa da juventude, sempre com um tema importante a ser debatido e trabalhado com grupos. O DNJ acontece em todo o pa\u00eds todos os anos no \u00faltimo domingo do m\u00eas de outubro, exceto nos anos eleitorais, quando a data \u00e9 alterada, como neste ano.(CNBB)<\/p>\n","protected":false},"excerpt":{"rendered":"<p>Este ano, o m\u00eas de outubro vai ser mais especial para a juventude brasileira. De 3 a 28 de outubro, acontece em Roma a XV Assembleia Geral Ordin\u00e1ria do S\u00ednodo dos Bispos com o tema \u201cOs jovens, a f\u00e9 e o discernimento vocacional\u201d e no Brasil, dia 21, ser\u00e1 realizado o Dia Nacional da Juventude&nbsp;<\/p>\n<p><a class=\"btn btn-style\" href=\"http:\/\/portalcatolico.net\/portal\/dia-nacional-da-juventude-2018-ja-comeca-a-ser-preparado-pelos-jovens\/\">Continue Reading<\/a><\/p>\n","protected":false},"author":2,"featured_media":57348,"comment_status":"open","ping_status":"open","sticky":false,"template":"","format":"standard","meta":{"footnotes":""},"categories":[3],"tags":[],"class_list":["post-57347","post","type-post","status-publish","format-standard","has-post-thumbnail","hentry","category-noticias_regionais"],"_links":{"self":[{"href":"http:\/\/portalcatolico.net\/portal\/wp-json\/wp\/v2\/posts\/57347","targetHints":{"allow":["GET"]}}],"collection":[{"href":"http:\/\/portalcatolico.net\/portal\/wp-json\/wp\/v2\/posts"}],"about":[{"href":"http:\/\/portalcatolico.net\/portal\/wp-json\/wp\/v2\/types\/post"}],"author":[{"embeddable":true,"href":"http:\/\/portalcatolico.net\/portal\/wp-json\/wp\/v2\/users\/2"}],"replies":[{"embeddable":true,"href":"http:\/\/portalcatolico.net\/portal\/wp-json\/wp\/v2\/comments?post=57347"}],"version-history":[{"count":2,"href":"http:\/\/portalcatolico.net\/portal\/wp-json\/wp\/v2\/posts\/57347\/revisions"}],"predecessor-version":[{"id":57350,"href":"http:\/\/portalcatolico.net\/portal\/wp-json\/wp\/v2\/posts\/57347\/revisions\/57350"}],"wp:featuredmedia":[{"embeddable":true,"href":"http:\/\/portalcatolico.net\/portal\/wp-json\/wp\/v2\/media\/57348"}],"wp:attachment":[{"href":"http:\/\/portalcatolico.net\/portal\/wp-json\/wp\/v2\/media?parent=57347"}],"wp:term":[{"taxonomy":"category","embeddable":true,"href":"http:\/\/portalcatolico.net\/portal\/wp-json\/wp\/v2\/categories?post=57347"},{"taxonomy":"post_tag","embeddable":true,"href":"http:\/\/portalcatolico.net\/portal\/wp-json\/wp\/v2\/tags?post=57347"}],"curies":[{"name":"wp","href":"https:\/\/api.w.org\/{rel}","templated":true}]}}