{"id":57335,"date":"2018-07-16T20:47:29","date_gmt":"2018-07-16T23:47:29","guid":{"rendered":"http:\/\/portalcatolico.net\/portal\/?p=57335"},"modified":"2018-07-18T06:14:43","modified_gmt":"2018-07-18T09:14:43","slug":"jovens-e-adultos-sao-crismados-na-paroquia-nossa-senhora-da-conceicao-em-itabuna","status":"publish","type":"post","link":"http:\/\/portalcatolico.net\/portal\/jovens-e-adultos-sao-crismados-na-paroquia-nossa-senhora-da-conceicao-em-itabuna\/","title":{"rendered":"Jovens e adultos s\u00e3o crismados na Par\u00f3quia Nossa Senhora da Concei\u00e7\u00e3o em Itabuna"},"content":{"rendered":"<p style=\"font-weight: 400;\">Neste&nbsp; \u00faltimo domingo, dia 15 de julho, 17 Jovens e&nbsp; adultos da Par\u00f3quia&nbsp;Nossa Senhora da Concei\u00e7\u00e3o do bairro Ferradas em Itabuna (BA), receberam&nbsp;o sacramento da Crisma.<\/p>\n<p style=\"font-weight: 400;\">A celebra\u00e7\u00e3o foi presidida por Dom Carlos&nbsp;Alberto dos Santos, Bispo da Diocese de Itabuna, e concelebrada pelo&nbsp;p\u00e1roco da Igreja matriz Nossa Senhora da Concei\u00e7\u00e3o, o Pe. Jos\u00e9 Roberto e&nbsp;pelo Di\u00e1cono A\u00edlton Matos.<img loading=\"lazy\" decoding=\"async\" class=\"wp-image-57339 aligncenter\" src=\"http:\/\/portalcatolico.net\/portal\/wp-content\/uploads\/2018\/07\/2e7a8273-e188-4888-82db-ca3de1165907-300x169.jpg\" alt=\"\" width=\"701\" height=\"395\" srcset=\"http:\/\/portalcatolico.net\/portal\/wp-content\/uploads\/2018\/07\/2e7a8273-e188-4888-82db-ca3de1165907-300x169.jpg 300w, http:\/\/portalcatolico.net\/portal\/wp-content\/uploads\/2018\/07\/2e7a8273-e188-4888-82db-ca3de1165907-768x432.jpg 768w, http:\/\/portalcatolico.net\/portal\/wp-content\/uploads\/2018\/07\/2e7a8273-e188-4888-82db-ca3de1165907-1024x576.jpg 1024w, http:\/\/portalcatolico.net\/portal\/wp-content\/uploads\/2018\/07\/2e7a8273-e188-4888-82db-ca3de1165907.jpg 1280w\" sizes=\"auto, (max-width: 701px) 100vw, 701px\" \/><\/p>\n<p style=\"font-weight: 400;\">O Catecismo da Igreja Cat\u00f3lica ensina que a&nbsp;Crisma, pertence, juntamente com o batismo e a Eucaristia, aos tr\u00eas&nbsp;sacramentos da inicia\u00e7\u00e3o crist\u00e3 da Igreja Cat\u00f3lica. Nesse sacramento,&nbsp;tal como ocorreu no Pentecostes, o Par\u00e1clito desceu sobre a comunidade&nbsp;dos disc\u00edpulos, ent\u00e3o reunida. Assim como neles, o Esp\u00edrito Santo tamb\u00e9m&nbsp;desce em cada batizado que pede \u00e0 Igreja esse dom &#8220;Esp\u00edrito Santo&#8221;.&nbsp;<br \/>\nDessa forma, o sacramento encoraja o fiel e o fortalece para uma vida de&nbsp;testemunho de amor a Cristo.<\/p>\n<p>Fotos enviada por internauta do Portal Cat\u00f3lico<\/p>\n<p>&nbsp;<\/p>\n","protected":false},"excerpt":{"rendered":"<p>Neste&nbsp; \u00faltimo domingo, dia 15 de julho, 17 Jovens e&nbsp; adultos da Par\u00f3quia&nbsp;Nossa Senhora da Concei\u00e7\u00e3o do bairro Ferradas em Itabuna (BA), receberam&nbsp;o sacramento da Crisma. A celebra\u00e7\u00e3o foi presidida por Dom Carlos&nbsp;Alberto dos Santos, Bispo da Diocese de Itabuna, e concelebrada pelo&nbsp;p\u00e1roco da Igreja matriz Nossa Senhora da Concei\u00e7\u00e3o, o Pe. Jos\u00e9 Roberto e&nbsp;pelo&nbsp;<\/p>\n<p><a class=\"btn btn-style\" href=\"http:\/\/portalcatolico.net\/portal\/jovens-e-adultos-sao-crismados-na-paroquia-nossa-senhora-da-conceicao-em-itabuna\/\">Continue Reading<\/a><\/p>\n","protected":false},"author":2,"featured_media":57336,"comment_status":"open","ping_status":"open","sticky":false,"template":"","format":"standard","meta":{"footnotes":""},"categories":[2],"tags":[],"class_list":["post-57335","post","type-post","status-publish","format-standard","has-post-thumbnail","hentry","category-eventos"],"_links":{"self":[{"href":"http:\/\/portalcatolico.net\/portal\/wp-json\/wp\/v2\/posts\/57335","targetHints":{"allow":["GET"]}}],"collection":[{"href":"http:\/\/portalcatolico.net\/portal\/wp-json\/wp\/v2\/posts"}],"about":[{"href":"http:\/\/portalcatolico.net\/portal\/wp-json\/wp\/v2\/types\/post"}],"author":[{"embeddable":true,"href":"http:\/\/portalcatolico.net\/portal\/wp-json\/wp\/v2\/users\/2"}],"replies":[{"embeddable":true,"href":"http:\/\/portalcatolico.net\/portal\/wp-json\/wp\/v2\/comments?post=57335"}],"version-history":[{"count":4,"href":"http:\/\/portalcatolico.net\/portal\/wp-json\/wp\/v2\/posts\/57335\/revisions"}],"predecessor-version":[{"id":57342,"href":"http:\/\/portalcatolico.net\/portal\/wp-json\/wp\/v2\/posts\/57335\/revisions\/57342"}],"wp:featuredmedia":[{"embeddable":true,"href":"http:\/\/portalcatolico.net\/portal\/wp-json\/wp\/v2\/media\/57336"}],"wp:attachment":[{"href":"http:\/\/portalcatolico.net\/portal\/wp-json\/wp\/v2\/media?parent=57335"}],"wp:term":[{"taxonomy":"category","embeddable":true,"href":"http:\/\/portalcatolico.net\/portal\/wp-json\/wp\/v2\/categories?post=57335"},{"taxonomy":"post_tag","embeddable":true,"href":"http:\/\/portalcatolico.net\/portal\/wp-json\/wp\/v2\/tags?post=57335"}],"curies":[{"name":"wp","href":"https:\/\/api.w.org\/{rel}","templated":true}]}}