{"id":57330,"date":"2018-07-17T20:04:28","date_gmt":"2018-07-17T23:04:28","guid":{"rendered":"http:\/\/portalcatolico.net\/portal\/?p=57330"},"modified":"2018-07-17T20:04:28","modified_gmt":"2018-07-17T23:04:28","slug":"a-nossa-missao-e-vivenciar-o-reino-de-deus-afirma-reitor-de-aparecida","status":"publish","type":"post","link":"http:\/\/portalcatolico.net\/portal\/a-nossa-missao-e-vivenciar-o-reino-de-deus-afirma-reitor-de-aparecida\/","title":{"rendered":"\u201cA nossa miss\u00e3o \u00e9 vivenciar o Reino de Deus\u201d, afirma reitor de Aparecida"},"content":{"rendered":"<p>A Prov\u00edncia Carmelitana iniciou os preparativos para o Jubileu Centen\u00e1rio da M\u00e3e do Carmelo como Rainha da cidade do Recife e de Pernambuco a partir da 322\u00aa edi\u00e7\u00e3o da Festa de Nossa Senhora do Carmo.<\/p>\n<p>Na \u00faltima segunda-feira, 16 de julho, o dia dedicado \u00e0 M\u00e3e do Carmelo acolheu milhares de fi\u00e9is na Bas\u00edlica do Carmo. \u00c0s 10h, o bispo auxiliar da Arquidiocese de Olinda e Recife, Dom Limac\u00eado Ant\u00f4nio, presidiu a missa solene no interior do templo.<\/p>\n<p>&#8220;O rosto de Maria na Evangeliza\u00e7\u00e3o da Igreja&#8221; foi a tem\u00e1tica da festa, na qual a Prov\u00edncia Carmelitana do Recife apresentou aos fi\u00e9is o desafio de restaurar a imagem da santa padroeira, que necessita de reparos, conforme o reitor da Bas\u00edlica do Carmo, Frei Rosenildo Alexandre.<\/p>\n<p>O reitor pede n\u00e3o somente doa\u00e7\u00f5es para o restauro da imagem como tamb\u00e9m para a c\u00fapula de Nossa Senhora do Carmo, localizada no altar principal da igreja.<\/p>\n<p>A imagem e a c\u00fapula s\u00e3o datados do s\u00e9culo XVII e foram doados aos carmelitas pela Rainha de Portugal, Dona Maria I.<\/p>\n<p>No per\u00edodo vespertino, o Arcebispo Dom Fernando Saburido presidiu a solene missa campal, no p\u00e1tio do Carmo. Em sua homilia, o prelado salientou que Maria Sant\u00edssima aceita ser nossa m\u00e3e e est\u00e1 presente em todos os momentos da vida de seus filhos, assim como fez com Jesus Cristo.<\/p>\n<p>Em seguida, Dom Fernando lembrou que \u00e9 preciso que os cat\u00f3licos estejam atentos para acolher os irm\u00e3os que sofrem e passam por dificuldades: &#8220;Especialmente n\u00f3s, nordestinos, n\u00e3o podemos ficar indiferentes ao sofrimento alheio, temos de acolher e ajudar os irm\u00e3os que carecem de apoio&#8221;.<\/p>\n<p>Encerrada a cerim\u00f4nia, houve a tradicional prociss\u00e3o partindo da Bas\u00edlica, presidida pelo arcebispo e sendo formada pelas irmandades e confrarias dedicadas ao Carmelo, que conduziram o andor de Nossa Senhora do Carmo pelas principais ruas do centro do Recife, renovando o compromisso de f\u00e9 da popula\u00e7\u00e3o pernambucana com a Virgem Sant\u00edssima.&nbsp;<\/p>\n<p>&nbsp;Com informa\u00e7\u00f5es da Arquidiocese de Olinda,Recife e Gaudium press<\/p>\n","protected":false},"excerpt":{"rendered":"<p>A Prov\u00edncia Carmelitana iniciou os preparativos para o Jubileu Centen\u00e1rio da M\u00e3e do Carmelo como Rainha da cidade do Recife e de Pernambuco a partir da 322\u00aa edi\u00e7\u00e3o da Festa de Nossa Senhora do Carmo. Na \u00faltima segunda-feira, 16 de julho, o dia dedicado \u00e0 M\u00e3e do Carmelo acolheu milhares de fi\u00e9is na Bas\u00edlica do&nbsp;<\/p>\n<p><a class=\"btn btn-style\" href=\"http:\/\/portalcatolico.net\/portal\/a-nossa-missao-e-vivenciar-o-reino-de-deus-afirma-reitor-de-aparecida\/\">Continue Reading<\/a><\/p>\n","protected":false},"author":2,"featured_media":57331,"comment_status":"open","ping_status":"open","sticky":false,"template":"","format":"standard","meta":{"footnotes":""},"categories":[3],"tags":[],"class_list":["post-57330","post","type-post","status-publish","format-standard","has-post-thumbnail","hentry","category-noticias_regionais"],"_links":{"self":[{"href":"http:\/\/portalcatolico.net\/portal\/wp-json\/wp\/v2\/posts\/57330","targetHints":{"allow":["GET"]}}],"collection":[{"href":"http:\/\/portalcatolico.net\/portal\/wp-json\/wp\/v2\/posts"}],"about":[{"href":"http:\/\/portalcatolico.net\/portal\/wp-json\/wp\/v2\/types\/post"}],"author":[{"embeddable":true,"href":"http:\/\/portalcatolico.net\/portal\/wp-json\/wp\/v2\/users\/2"}],"replies":[{"embeddable":true,"href":"http:\/\/portalcatolico.net\/portal\/wp-json\/wp\/v2\/comments?post=57330"}],"version-history":[{"count":1,"href":"http:\/\/portalcatolico.net\/portal\/wp-json\/wp\/v2\/posts\/57330\/revisions"}],"predecessor-version":[{"id":57332,"href":"http:\/\/portalcatolico.net\/portal\/wp-json\/wp\/v2\/posts\/57330\/revisions\/57332"}],"wp:featuredmedia":[{"embeddable":true,"href":"http:\/\/portalcatolico.net\/portal\/wp-json\/wp\/v2\/media\/57331"}],"wp:attachment":[{"href":"http:\/\/portalcatolico.net\/portal\/wp-json\/wp\/v2\/media?parent=57330"}],"wp:term":[{"taxonomy":"category","embeddable":true,"href":"http:\/\/portalcatolico.net\/portal\/wp-json\/wp\/v2\/categories?post=57330"},{"taxonomy":"post_tag","embeddable":true,"href":"http:\/\/portalcatolico.net\/portal\/wp-json\/wp\/v2\/tags?post=57330"}],"curies":[{"name":"wp","href":"https:\/\/api.w.org\/{rel}","templated":true}]}}