{"id":57328,"date":"2018-07-17T19:54:41","date_gmt":"2018-07-17T22:54:41","guid":{"rendered":"http:\/\/portalcatolico.net\/portal\/?p=57328"},"modified":"2018-07-18T17:46:07","modified_gmt":"2018-07-18T20:46:07","slug":"dizimo-missao-de-todo-povo-de-deus","status":"publish","type":"post","link":"http:\/\/portalcatolico.net\/portal\/dizimo-missao-de-todo-povo-de-deus\/","title":{"rendered":"D\u00edzimo ,miss\u00e3o de todo povo de Deus"},"content":{"rendered":"<p style=\"font-weight: 400;\">A import\u00e2ncia do D\u00edzimo<\/p>\n<p style=\"font-weight: 400;\">Meus irm\u00e3os e irm\u00e3s, devemos compreender que que o D\u00edzimo \u00e9 uma alegre&nbsp; &nbsp;experi\u00eancia religiosa que o crist\u00e3o deve realizar. \u00c9 encontro com o&nbsp;Senhor Deus e abertura para a fraternidade e partilha.&nbsp; Em At 2,44 o&nbsp; Senhor nos fala, &#8220;colocavam em comum todas as coisas&#8221;. A nossa igreja&nbsp; atenta aos apelos do Pai, compreende que a nossa devolu\u00e7\u00e3o deve ser&nbsp;vivida na dimens\u00e3o da f\u00e9, que nos tira do isolamento e nos lan\u00e7a para o&nbsp;encontro com Senhor e os irm\u00e3os.<\/p>\n<p style=\"font-weight: 400;\">Somente aquele que tem coragem mission\u00e1ria aprende a abrir o cora\u00e7\u00e3o e&nbsp;as m\u00e3os com generosidade. Quem aprendeu na caminhada que o ac\u00famulo de&nbsp;bens na face da terra n\u00e3o traz a verdadeira felicidade, como nos ensina&nbsp;Jesus Cristo ( N\u00e3o ajuntem tesouros aqui na terra, onde a tra\u00e7a e a&nbsp;ferrugem corroem e os ladr\u00f5es assaltam e roubam. Mt 6, 19 ) A miss\u00e3o tamb\u00e9m \u00e9 obra do Esp\u00edrito Santo. Ele que nos faz testemunhas&nbsp; corajosas e fi\u00e9is a miss\u00e3o do filho do Senhor. Por meio dele, conhecemos&nbsp; a verdade que liberta e salva. Abertos ao Esp\u00edrito que conduz os passos&nbsp;da igreja, percebemos o d\u00edzimo rico em evangeliza\u00e7\u00e3o. N\u00f3s como irm\u00e3os&nbsp;nos alegramos ao constastar que as nossas comunidades j\u00e1 est\u00e3o fazendo&nbsp;esta experi\u00eancia. Pelo d\u00edzimo, cada um de n\u00f3s contribui com o trabalho&nbsp;evangelizador e&nbsp; miss\u00e3o. Quando nos organizamos na casa do Senhor e nas&nbsp;comunidades, o crescimento evang\u00e9lico acontece atrav\u00e9s das devolu\u00e7\u00f5es.&nbsp;<\/p>\n<p style=\"font-weight: 400;\">Pastorais, grupos e movimentos se organizam melhor, se preparam e&nbsp;capacitam para o servi\u00e7o que realizam em nome da f\u00e9.&nbsp; Ao devolver o&nbsp;d\u00edzimo com amor e fidelidade, o povo de Deus confirma sua ades\u00e3o e&nbsp;participa\u00e7\u00e3o na miss\u00e3o da igreja. Neste sentido, os crist\u00e3os devolvem seu&nbsp;d\u00edzimo. Paulo em Hb 13, 8 nos diz: &#8220;o d\u00edzimo n\u00e3o \u00e9 tarefa e fun\u00e7\u00e3o apenas&nbsp; de alguns, mas de todos \u00e0 servi\u00e7o do an\u00fancio do Jesus Cristo vivo,&nbsp;boa noticia de salva\u00e7\u00e3o ontem,hoje e sempre&#8221; .&nbsp;&#8220;Anunciar o evangelho n\u00e3o \u00e9 t\u00edtulo de gl\u00f3ria para n\u00f3s, pelo contr\u00e1rio,&nbsp;\u00e9 uma necessidade que me foi imposta pelo PAI, AI DE MIM SE EU N\u00c3O&nbsp;ANUNCIAR O EVANGELHO &#8221;&nbsp; (1 Cor 9,16&nbsp; ).&nbsp;<br \/>\nTexto: Pastoral do D\u00edzimo\/Par\u00f3quia Santa&nbsp;Rita de C\u00e1ssia de Itabuna(BA)<\/p>\n","protected":false},"excerpt":{"rendered":"<p>A import\u00e2ncia do D\u00edzimo Meus irm\u00e3os e irm\u00e3s, devemos compreender que que o D\u00edzimo \u00e9 uma alegre&nbsp; &nbsp;experi\u00eancia religiosa que o crist\u00e3o deve realizar. \u00c9 encontro com o&nbsp;Senhor Deus e abertura para a fraternidade e partilha.&nbsp; Em At 2,44 o&nbsp; Senhor nos fala, &#8220;colocavam em comum todas as coisas&#8221;. A nossa igreja&nbsp; atenta aos apelos&nbsp;<\/p>\n<p><a class=\"btn btn-style\" href=\"http:\/\/portalcatolico.net\/portal\/dizimo-missao-de-todo-povo-de-deus\/\">Continue Reading<\/a><\/p>\n","protected":false},"author":2,"featured_media":57224,"comment_status":"open","ping_status":"open","sticky":false,"template":"","format":"standard","meta":{"footnotes":""},"categories":[69],"tags":[],"class_list":["post-57328","post","type-post","status-publish","format-standard","has-post-thumbnail","hentry","category-artigos"],"_links":{"self":[{"href":"http:\/\/portalcatolico.net\/portal\/wp-json\/wp\/v2\/posts\/57328","targetHints":{"allow":["GET"]}}],"collection":[{"href":"http:\/\/portalcatolico.net\/portal\/wp-json\/wp\/v2\/posts"}],"about":[{"href":"http:\/\/portalcatolico.net\/portal\/wp-json\/wp\/v2\/types\/post"}],"author":[{"embeddable":true,"href":"http:\/\/portalcatolico.net\/portal\/wp-json\/wp\/v2\/users\/2"}],"replies":[{"embeddable":true,"href":"http:\/\/portalcatolico.net\/portal\/wp-json\/wp\/v2\/comments?post=57328"}],"version-history":[{"count":6,"href":"http:\/\/portalcatolico.net\/portal\/wp-json\/wp\/v2\/posts\/57328\/revisions"}],"predecessor-version":[{"id":57346,"href":"http:\/\/portalcatolico.net\/portal\/wp-json\/wp\/v2\/posts\/57328\/revisions\/57346"}],"wp:featuredmedia":[{"embeddable":true,"href":"http:\/\/portalcatolico.net\/portal\/wp-json\/wp\/v2\/media\/57224"}],"wp:attachment":[{"href":"http:\/\/portalcatolico.net\/portal\/wp-json\/wp\/v2\/media?parent=57328"}],"wp:term":[{"taxonomy":"category","embeddable":true,"href":"http:\/\/portalcatolico.net\/portal\/wp-json\/wp\/v2\/categories?post=57328"},{"taxonomy":"post_tag","embeddable":true,"href":"http:\/\/portalcatolico.net\/portal\/wp-json\/wp\/v2\/tags?post=57328"}],"curies":[{"name":"wp","href":"https:\/\/api.w.org\/{rel}","templated":true}]}}