{"id":57318,"date":"2018-07-17T13:19:46","date_gmt":"2018-07-17T16:19:46","guid":{"rendered":"http:\/\/portalcatolico.net\/portal\/?p=57318"},"modified":"2018-07-18T12:53:45","modified_gmt":"2018-07-18T15:53:45","slug":"seminarista-da-diocese-de-itabuna-recebe-o-ministerio-do-leitorato","status":"publish","type":"post","link":"http:\/\/portalcatolico.net\/portal\/seminarista-da-diocese-de-itabuna-recebe-o-ministerio-do-leitorato\/","title":{"rendered":"Seminarista da Diocese de Itabuna recebe o Minist\u00e9rio do Leitorato"},"content":{"rendered":"<p>Na noite de 16 de julho, \u00e0s 18h, o seminarista do segundo ano de teologia, Ubiratan Tib\u00farcio Sobrinho, recebeu, na Catedral Diocesana de S\u00e3o Jos\u00e9, o Minist\u00e9rio do Leitorato, durante a celebra\u00e7\u00e3o presidida por Dom Carlos Alberto dos Santos, bispo da Diocese de Itabuna, no sul da Bahia.<br \/>\nA Eucaristia foi concelebrada pelo p\u00e1roco local, Gilvan de Oliveira,Pe. Adriano Fernandes (Reitor do Semin\u00e1rio Proped\u00eautico da Diocese de Itabuna), por Nicolau Klak&nbsp; (Vig\u00e1rio geral da Diocese de Itabuna), entre outros padres e di\u00e1conos. Estiveram presentes tamb\u00e9m familiares, amigos e os outros seminaristas.<\/p>\n<p>Na oportunidade, Dom Carlos agradeceu aos pais de Ubiratan: &#8220;obrigado voc\u00eas pela forma\u00e7\u00e3o, pela educa\u00e7\u00e3o da f\u00e9 que voc\u00eas deram para o seu filhinho, para sua fam\u00edlia&#8221;.<\/p>\n<p>No final da celebra\u00e7\u00e3o, Ubiratan falou sobre os seus sentimentos e sobre a sua responsabilidade e miss\u00e3o em receber o Minist\u00e9rio do Leitorato: &#8220;Desde que soube que podia fazer o pedido para o Leitorato, me senti pequeno e impotente diante dessa grande li\u00e7\u00e3o de anunciar a Palavra de Deus.&#8221;<\/p>\n<p>Segundo a tradi\u00e7\u00e3o da Igreja, com o Minist\u00e9rio de Leitor, os seminaristas tornam-se aptos para a leitura b\u00edblica da Palavra de Deus na liturgia. Atrav\u00e9s deste minist\u00e9rio \u00e9 incutida a idoneidade de instruir os crist\u00e3os na f\u00e9 para que possam receber dignamente os sacramentos. Este Minist\u00e9rio \u00e9 um pren\u00fancio daquilo que \u00e9 a faculdade do sacerdote: homem da Palavra e da Exorta\u00e7\u00e3o aos fi\u00e9is.<br \/>\nVale ressaltar que o leitorato \u00e9 um Minist\u00e9rio de servi\u00e7o concedido pelo bispo diocesano, e desenvolvido por membros (leigos ou n\u00e3o) da comunidade de fi\u00e9is, devidamente preparados e escolhidos para uma participa\u00e7\u00e3o mais atuante nas celebra\u00e7\u00f5es lit\u00fargicas atrav\u00e9s da leitura b\u00edblica.<br \/>\nAo final da celebra\u00e7\u00e3o, todos se reuniram no sal\u00e3o paroquial da Par\u00f3quia Nossa Senhora de F\u00e1tima para celebrar o momento especial. A equipe do Portal Cat\u00f3lico deseja que Deus aben\u00e7oe e d\u00ea perseveran\u00e7a ao seminarista Ubiratan, e que a Virgem Maria interceda pela voca\u00e7\u00e3o deste jovem a fim de que ele possa configurar-se cada dia mais ao Cristo.<\/p>\n<p>Confira as fotos na nossa pagina do Facebook: <a href=\"https:\/\/www.facebook.com\/portalcatolicooficial\">CLIQUE AQUI<\/a><\/p>\n<p>.<img loading=\"lazy\" decoding=\"async\" class=\"alignnone wp-image-57322\" src=\"http:\/\/portalcatolico.net\/portal\/wp-content\/uploads\/2018\/07\/IMG_0093-300x200.jpg\" alt=\"\" width=\"390\" height=\"259\" srcset=\"http:\/\/portalcatolico.net\/portal\/wp-content\/uploads\/2018\/07\/IMG_0093-300x200.jpg 300w, http:\/\/portalcatolico.net\/portal\/wp-content\/uploads\/2018\/07\/IMG_0093-768x512.jpg 768w, http:\/\/portalcatolico.net\/portal\/wp-content\/uploads\/2018\/07\/IMG_0093.jpg 1000w\" sizes=\"auto, (max-width: 390px) 100vw, 390px\" \/> <img loading=\"lazy\" decoding=\"async\" class=\"alignnone wp-image-57323\" src=\"http:\/\/portalcatolico.net\/portal\/wp-content\/uploads\/2018\/07\/IMG_0041-300x200.jpg\" alt=\"\" width=\"392\" height=\"261\" srcset=\"http:\/\/portalcatolico.net\/portal\/wp-content\/uploads\/2018\/07\/IMG_0041-300x200.jpg 300w, http:\/\/portalcatolico.net\/portal\/wp-content\/uploads\/2018\/07\/IMG_0041-768x512.jpg 768w, http:\/\/portalcatolico.net\/portal\/wp-content\/uploads\/2018\/07\/IMG_0041.jpg 1000w\" sizes=\"auto, (max-width: 392px) 100vw, 392px\" \/><\/p>\n<p><img loading=\"lazy\" decoding=\"async\" class=\"alignnone wp-image-57324\" src=\"http:\/\/portalcatolico.net\/portal\/wp-content\/uploads\/2018\/07\/IMG_0095-300x200.jpg\" alt=\"\" width=\"393\" height=\"262\" srcset=\"http:\/\/portalcatolico.net\/portal\/wp-content\/uploads\/2018\/07\/IMG_0095-300x200.jpg 300w, http:\/\/portalcatolico.net\/portal\/wp-content\/uploads\/2018\/07\/IMG_0095-768x512.jpg 768w, http:\/\/portalcatolico.net\/portal\/wp-content\/uploads\/2018\/07\/IMG_0095.jpg 1000w\" sizes=\"auto, (max-width: 393px) 100vw, 393px\" \/> <img loading=\"lazy\" decoding=\"async\" class=\"alignnone wp-image-57325\" src=\"http:\/\/portalcatolico.net\/portal\/wp-content\/uploads\/2018\/07\/IMG_0052-300x200.jpg\" alt=\"\" width=\"394\" height=\"263\" srcset=\"http:\/\/portalcatolico.net\/portal\/wp-content\/uploads\/2018\/07\/IMG_0052-300x200.jpg 300w, http:\/\/portalcatolico.net\/portal\/wp-content\/uploads\/2018\/07\/IMG_0052-768x512.jpg 768w, http:\/\/portalcatolico.net\/portal\/wp-content\/uploads\/2018\/07\/IMG_0052.jpg 1000w\" sizes=\"auto, (max-width: 394px) 100vw, 394px\" \/><\/p>\n","protected":false},"excerpt":{"rendered":"<p>Na noite de 16 de julho, \u00e0s 18h, o seminarista do segundo ano de teologia, Ubiratan Tib\u00farcio Sobrinho, recebeu, na Catedral Diocesana de S\u00e3o Jos\u00e9, o Minist\u00e9rio do Leitorato, durante a celebra\u00e7\u00e3o presidida por Dom Carlos Alberto dos Santos, bispo da Diocese de Itabuna, no sul da Bahia. A Eucaristia foi concelebrada pelo p\u00e1roco local,&nbsp;<\/p>\n<p><a class=\"btn btn-style\" href=\"http:\/\/portalcatolico.net\/portal\/seminarista-da-diocese-de-itabuna-recebe-o-ministerio-do-leitorato\/\">Continue Reading<\/a><\/p>\n","protected":false},"author":2,"featured_media":57319,"comment_status":"open","ping_status":"open","sticky":false,"template":"","format":"standard","meta":{"footnotes":""},"categories":[68],"tags":[],"class_list":["post-57318","post","type-post","status-publish","format-standard","has-post-thumbnail","hentry","category-homilias"],"_links":{"self":[{"href":"http:\/\/portalcatolico.net\/portal\/wp-json\/wp\/v2\/posts\/57318","targetHints":{"allow":["GET"]}}],"collection":[{"href":"http:\/\/portalcatolico.net\/portal\/wp-json\/wp\/v2\/posts"}],"about":[{"href":"http:\/\/portalcatolico.net\/portal\/wp-json\/wp\/v2\/types\/post"}],"author":[{"embeddable":true,"href":"http:\/\/portalcatolico.net\/portal\/wp-json\/wp\/v2\/users\/2"}],"replies":[{"embeddable":true,"href":"http:\/\/portalcatolico.net\/portal\/wp-json\/wp\/v2\/comments?post=57318"}],"version-history":[{"count":6,"href":"http:\/\/portalcatolico.net\/portal\/wp-json\/wp\/v2\/posts\/57318\/revisions"}],"predecessor-version":[{"id":57343,"href":"http:\/\/portalcatolico.net\/portal\/wp-json\/wp\/v2\/posts\/57318\/revisions\/57343"}],"wp:featuredmedia":[{"embeddable":true,"href":"http:\/\/portalcatolico.net\/portal\/wp-json\/wp\/v2\/media\/57319"}],"wp:attachment":[{"href":"http:\/\/portalcatolico.net\/portal\/wp-json\/wp\/v2\/media?parent=57318"}],"wp:term":[{"taxonomy":"category","embeddable":true,"href":"http:\/\/portalcatolico.net\/portal\/wp-json\/wp\/v2\/categories?post=57318"},{"taxonomy":"post_tag","embeddable":true,"href":"http:\/\/portalcatolico.net\/portal\/wp-json\/wp\/v2\/tags?post=57318"}],"curies":[{"name":"wp","href":"https:\/\/api.w.org\/{rel}","templated":true}]}}