{"id":57311,"date":"2018-07-16T06:34:39","date_gmt":"2018-07-16T09:34:39","guid":{"rendered":"http:\/\/portalcatolico.net\/portal\/?p=57311"},"modified":"2018-07-16T07:01:47","modified_gmt":"2018-07-16T10:01:47","slug":"catolicos-de-itabuna-e-regiao-participam-do-20o-semear-o-encontro-do-povo-de-deus","status":"publish","type":"post","link":"http:\/\/portalcatolico.net\/portal\/catolicos-de-itabuna-e-regiao-participam-do-20o-semear-o-encontro-do-povo-de-deus\/","title":{"rendered":"Cat\u00f3licos de Itabuna e regi\u00e3o participam do 20\u00ba Semear, o Encontro do Povo de Deus"},"content":{"rendered":"<p style=\"font-weight: 400;\">Cat\u00f3licos de Itabuna e cidades circunvizinhas que comp\u00f5em as Dioceses de Itabuna e&nbsp;Ilh\u00e9us, no sul da Bahia,&nbsp;&nbsp;participaram neste fim de semana, da vig\u00e9sima edi\u00e7\u00e3o do Semear e dos 25 anos da&nbsp;Comunidade Rainha da Paz. Segundo os organizadores, mais de 600 fieis&nbsp;participaram do tradicional Encontro do povo de Deus.<\/p>\n<p style=\"font-weight: 400;\"><img loading=\"lazy\" decoding=\"async\" class=\"wp-image-57313 aligncenter\" src=\"http:\/\/portalcatolico.net\/portal\/wp-content\/uploads\/2018\/07\/37222505_908054579397165_3186298157998800896_n-300x225.jpg\" alt=\"\" width=\"699\" height=\"524\" srcset=\"http:\/\/portalcatolico.net\/portal\/wp-content\/uploads\/2018\/07\/37222505_908054579397165_3186298157998800896_n-300x225.jpg 300w, http:\/\/portalcatolico.net\/portal\/wp-content\/uploads\/2018\/07\/37222505_908054579397165_3186298157998800896_n-768x576.jpg 768w, http:\/\/portalcatolico.net\/portal\/wp-content\/uploads\/2018\/07\/37222505_908054579397165_3186298157998800896_n.jpg 960w\" sizes=\"auto, (max-width: 699px) 100vw, 699px\" \/>O tema deste ano foi: &#8220;Renovados&nbsp;pela Miseric\u00f3rdia.&#8221; Foram dois dias de uma programa\u00e7\u00e3o muito especial: missas, prega\u00e7\u00f5es,&nbsp;ora\u00e7\u00f5es, ter\u00e7o Mariano, confiss\u00f5es,&nbsp;Adora\u00e7\u00e3o ao Jesus Eucar\u00edstico, entre outros momentos de evangeliza\u00e7\u00e3o.<\/p>\n<p style=\"font-weight: 400;\">O&nbsp;evento teve in\u00edcio no s\u00e1bado (14), \u00e0s 8h, e finalizou neste domingo (15) no&nbsp;final da tarde.<\/p>\n<p style=\"font-weight: 400;\">As crian\u00e7as tamb\u00e9m tiveram seu espa\u00e7o de evangeliza\u00e7\u00e3o em&nbsp;um local adequado. E&nbsp; ao final do evento, os pequeninos fizeram uma apresenta\u00e7\u00e3o, demonstrando o que aprenderam. &nbsp;<\/p>\n<p style=\"font-weight: 400;\">Mas, n\u00e3o foram s\u00f3 as crian\u00e7as que aprenderam. Os adultos tiveram a oportunidade de ouvir as s\u00e1bias palavras dos pregadores: Antonieta&nbsp; Sales (Mission\u00e1ria&nbsp; da Comunidade Can\u00e7\u00e3o Nova de S\u00e3o Paulo), Maria Marin (da Comunidade&nbsp;Rainha da Paz de Itabuna), F\u00e1tima Souza (Noite Oracional). Al\u00e9m, \u00e9 claro, de ouvir a homilia do Bispo da Diocese de Itabuna, Dom Carlos Alberto dos Santos, que na oportunidade, falou sobre o tema do Encontro: &#8220;Precisamos fazer com que a miseric\u00f3rdia de Deus venha nos renovar, nos santificar. E onde que n\u00f3s vamos encontrar for\u00e7as para sermos homens e mulheres misericordiosos? Em Deus, no seu filho Jesus, pela palavra, pela Eucaristia, pelos sacramentos, pela viv\u00eancia do amor&#8230;&#8221;<img loading=\"lazy\" decoding=\"async\" class=\"wp-image-57314 aligncenter\" src=\"http:\/\/portalcatolico.net\/portal\/wp-content\/uploads\/2018\/07\/37273124_908058532730103_8064467788833488896_n-300x225.jpg\" alt=\"\" width=\"703\" height=\"527\" srcset=\"http:\/\/portalcatolico.net\/portal\/wp-content\/uploads\/2018\/07\/37273124_908058532730103_8064467788833488896_n-300x225.jpg 300w, http:\/\/portalcatolico.net\/portal\/wp-content\/uploads\/2018\/07\/37273124_908058532730103_8064467788833488896_n-768x576.jpg 768w, http:\/\/portalcatolico.net\/portal\/wp-content\/uploads\/2018\/07\/37273124_908058532730103_8064467788833488896_n.jpg 960w\" sizes=\"auto, (max-width: 703px) 100vw, 703px\" \/><\/p>\n<p style=\"font-weight: 400;\">Outros Padres, religiosos e paroquianos estiveram no evento. Vale ressaltar a presen\u00e7a do Vereador&nbsp; e&nbsp;pr\u00e9-candidato a Deputado Estadual , Enderson Guinho, que sempre prestigia eventos cat\u00f3licos em Itabuna e regi\u00e3o, al\u00e9m de ser um exemplo de jovem evangelizador.<\/p>\n<p style=\"font-weight: 400;\">A primeira missa do evento&nbsp;aconteceu no s\u00e1bado, \u00e0s 16h30, e foi presidida pelo Padre Edvaldo Marques e&nbsp; Jos\u00e9 Augusto Ferreira. Neste domingo (15), a programa\u00e7\u00e3o &nbsp;iniciou \u00e0s 7h30, com o ter\u00e7o mariano e \u00e0s 10h30 aconteceu a Celebra\u00e7\u00e3o&nbsp;Eucar\u00edstica&nbsp; presidida por Dom Carlos e concelebrada pelo Pe. Ex\u00e9quias Gon\u00e7alves e pelo&nbsp;di\u00e1cono Trajano.<\/p>\n<p style=\"font-weight: 400;\">A&nbsp; homenagem pelos 20 anos&nbsp;do Encontro Semear aconteceu na parte da tarde. Vinte pessoas da comunidade&nbsp; se apresentaram com uma vela acesa&nbsp;simbolizando os &nbsp;20 anos &nbsp;do evento. Em seguida, teve bolo com direito aos parab\u00e9ns. O evento foi realizado na quadra do Col\u00e9gio Sistema,no centro da cidade.<\/p>\n<p>Confira as fotos na nossa p\u00e1gina no Facebook. <a href=\"https:\/\/www.facebook.com\/portalcatolicooficial\"><span style=\"color: #ff0000;\"><strong>CLIQUE AQUI<\/strong><\/span><\/a><\/p>\n","protected":false},"excerpt":{"rendered":"<p>Cat\u00f3licos de Itabuna e cidades circunvizinhas que comp\u00f5em as Dioceses de Itabuna e&nbsp;Ilh\u00e9us, no sul da Bahia,&nbsp;&nbsp;participaram neste fim de semana, da vig\u00e9sima edi\u00e7\u00e3o do Semear e dos 25 anos da&nbsp;Comunidade Rainha da Paz. Segundo os organizadores, mais de 600 fieis&nbsp;participaram do tradicional Encontro do povo de Deus. O tema deste ano foi: &#8220;Renovados&nbsp;pela Miseric\u00f3rdia.&#8221;&nbsp;<\/p>\n<p><a class=\"btn btn-style\" href=\"http:\/\/portalcatolico.net\/portal\/catolicos-de-itabuna-e-regiao-participam-do-20o-semear-o-encontro-do-povo-de-deus\/\">Continue Reading<\/a><\/p>\n","protected":false},"author":2,"featured_media":57316,"comment_status":"open","ping_status":"open","sticky":false,"template":"","format":"standard","meta":{"footnotes":""},"categories":[68],"tags":[],"class_list":["post-57311","post","type-post","status-publish","format-standard","has-post-thumbnail","hentry","category-homilias"],"_links":{"self":[{"href":"http:\/\/portalcatolico.net\/portal\/wp-json\/wp\/v2\/posts\/57311","targetHints":{"allow":["GET"]}}],"collection":[{"href":"http:\/\/portalcatolico.net\/portal\/wp-json\/wp\/v2\/posts"}],"about":[{"href":"http:\/\/portalcatolico.net\/portal\/wp-json\/wp\/v2\/types\/post"}],"author":[{"embeddable":true,"href":"http:\/\/portalcatolico.net\/portal\/wp-json\/wp\/v2\/users\/2"}],"replies":[{"embeddable":true,"href":"http:\/\/portalcatolico.net\/portal\/wp-json\/wp\/v2\/comments?post=57311"}],"version-history":[{"count":2,"href":"http:\/\/portalcatolico.net\/portal\/wp-json\/wp\/v2\/posts\/57311\/revisions"}],"predecessor-version":[{"id":57317,"href":"http:\/\/portalcatolico.net\/portal\/wp-json\/wp\/v2\/posts\/57311\/revisions\/57317"}],"wp:featuredmedia":[{"embeddable":true,"href":"http:\/\/portalcatolico.net\/portal\/wp-json\/wp\/v2\/media\/57316"}],"wp:attachment":[{"href":"http:\/\/portalcatolico.net\/portal\/wp-json\/wp\/v2\/media?parent=57311"}],"wp:term":[{"taxonomy":"category","embeddable":true,"href":"http:\/\/portalcatolico.net\/portal\/wp-json\/wp\/v2\/categories?post=57311"},{"taxonomy":"post_tag","embeddable":true,"href":"http:\/\/portalcatolico.net\/portal\/wp-json\/wp\/v2\/tags?post=57311"}],"curies":[{"name":"wp","href":"https:\/\/api.w.org\/{rel}","templated":true}]}}