{"id":57305,"date":"2018-07-15T17:29:14","date_gmt":"2018-07-15T20:29:14","guid":{"rendered":"http:\/\/portalcatolico.net\/portal\/?p=57305"},"modified":"2018-07-15T19:49:10","modified_gmt":"2018-07-15T22:49:10","slug":"buerarema-festejos-em-homenagem-a-padroeira-senhora-santana-comecara-nesta-segunda-feira","status":"publish","type":"post","link":"http:\/\/portalcatolico.net\/portal\/buerarema-festejos-em-homenagem-a-padroeira-senhora-santana-comecara-nesta-segunda-feira\/","title":{"rendered":"Buerarema- Festejos em homenagem a Padroeira Senhora Sant&#8217;Ana come\u00e7ar\u00e1 nesta segunda- feira."},"content":{"rendered":"<p>Uma das principais festas religiosas da cidade de Buerarema , no Sul da Bahia ter\u00e1&nbsp; in\u00edcio nesta segunda-feira (16\/07). As comemora\u00e7\u00f5es a Padroeira&nbsp; Senhora de Sant\u00b4Ana, contar\u00e1 com a realiza\u00e7\u00e3o de celebra\u00e7\u00f5es eucar\u00edsticas, prociss\u00e3o, quermesses e apresenta\u00e7\u00f5es culturais. &nbsp;O noven\u00e1rio que ter\u00e1 como tema central <strong>&#8220;Senhora Sant&#8217;Ana, exemplo de leiga e servidora na miss\u00e3o de Jesus&#8221; <\/strong>acontecer\u00e1 sempre \u00e0s 19 h, na Igreja Santu\u00e1rio Senhora Sant\u00b4Ana e seguir\u00e1&nbsp; at\u00e9 o dia 26 deste m\u00eas.<\/p>\n<p>&nbsp;De acordo com o padre Elessandro Feitosa , espera-se que v\u00e1rias pessoas compare\u00e7am&nbsp; ao evento religioso&nbsp; &#8220;\u00c9 uma festa esperada. Apesar dos contratempos,percebo que a expectativa \u00e9 de casa cheia, muita alegria e participa\u00e7\u00e3o&#8221; ratifica o padre.<\/p>\n<p>Com a abertura programada para \u00e0s 19 h, saindo da Igreja Matriz para o Santu\u00e1rio, &nbsp;o evento contar\u00e1 com um grande show da Banda Mensageiros que transitar\u00e1 pelas ruas da cidade. &#8221; Estamos ansiosos para o in\u00edcio do evento que, &nbsp;para n\u00f3s crist\u00e3os cat\u00f3licos de Buerarema, os festejos da nossa Padroeira Senhora Sant&#8217;Ana \u00e9 um momento de profunda ora\u00e7\u00e3o e devo\u00e7\u00e3o, pois acreditamos e confiamos na intercess\u00e3o da nossa Padroeira, e atrav\u00e9s dela Deus ir\u00e1 realizar grandes b\u00ean\u00e7\u00e3os em nossas vidas e em nossa&nbsp; cidade&#8221; conclui N\u00fabia Assis vice presidente da Sociedade S\u00e3o Vicente de Paulo.<\/p>\n<p>A festa contar\u00e1 com a seguinte programa\u00e7\u00e3o:<\/p>\n<p><strong>16\/07- 19h Abertura com a Banda Mensageiros- <\/strong>Sa\u00edda da Igreja Matriz para o Santu\u00e1rio Senhora Sant&#8217;Ana.<\/p>\n<p>17\/07 -19 h -Noite dedicada as fam\u00edlias de Buerarema<\/p>\n<p>18\/07-&nbsp; 19 h- Noite dedicada aos poderes Executivo, Legislativo e Judici\u00e1rio<\/p>\n<p>19\/07- 19 h &#8211; Noite dedicada as mulheres<\/p>\n<p>20\/07- 19 h &#8211; Noite dedicada aos homens<\/p>\n<p>21\/07- 19 h &#8211; Noite dedicada as comunidades<\/p>\n<p>22\/07- 19 h &#8211; Noite dedicada as crian\u00e7as e aos jovens<\/p>\n<p>23\/07- 19 h- Noite dedicada aos Profissionais da Educa\u00e7\u00e3o<\/p>\n<p>24\/07-19 h-&nbsp; Noite dedicada aos Profissionais da Sa\u00fade<\/p>\n<p>25\/07-19 h- Noite dedicada aos motoristas e motociclistas<\/p>\n<p><strong>26\/07- Dia dedicado aos devotos de Nossa Senhora Sant&#8217;Ana <\/strong><\/p>\n<p>05 h- Alvorada. \u00c0s 16 h Missa seguida com Prociss\u00e3o e B\u00ean\u00e7\u00e3o do Sant\u00edssimo<\/p>\n<p><strong>Mat\u00e9ria: Adriana Alc\u00e2ntara<\/strong><\/p>\n<p style=\"text-align: center;\"><strong>Programa\u00e7\u00e3o<\/strong><\/p>\n<p><img loading=\"lazy\" decoding=\"async\" class=\"wp-image-57309 aligncenter\" src=\"http:\/\/portalcatolico.net\/portal\/wp-content\/uploads\/2018\/07\/WhatsApp-Image-2018-07-15-at-13.15.37-300x212.jpeg\" alt=\"\" width=\"698\" height=\"493\" srcset=\"http:\/\/portalcatolico.net\/portal\/wp-content\/uploads\/2018\/07\/WhatsApp-Image-2018-07-15-at-13.15.37-300x212.jpeg 300w, http:\/\/portalcatolico.net\/portal\/wp-content\/uploads\/2018\/07\/WhatsApp-Image-2018-07-15-at-13.15.37-768x543.jpeg 768w, http:\/\/portalcatolico.net\/portal\/wp-content\/uploads\/2018\/07\/WhatsApp-Image-2018-07-15-at-13.15.37-1024x724.jpeg 1024w, http:\/\/portalcatolico.net\/portal\/wp-content\/uploads\/2018\/07\/WhatsApp-Image-2018-07-15-at-13.15.37.jpeg 1280w\" sizes=\"auto, (max-width: 698px) 100vw, 698px\" \/><\/p>\n<p>&nbsp;<\/p>\n","protected":false},"excerpt":{"rendered":"<p>Uma das principais festas religiosas da cidade de Buerarema , no Sul da Bahia ter\u00e1&nbsp; in\u00edcio nesta segunda-feira (16\/07). As comemora\u00e7\u00f5es a Padroeira&nbsp; Senhora de Sant\u00b4Ana, contar\u00e1 com a realiza\u00e7\u00e3o de celebra\u00e7\u00f5es eucar\u00edsticas, prociss\u00e3o, quermesses e apresenta\u00e7\u00f5es culturais. &nbsp;O noven\u00e1rio que ter\u00e1 como tema central &#8220;Senhora Sant&#8217;Ana, exemplo de leiga e servidora na miss\u00e3o de&nbsp;<\/p>\n<p><a class=\"btn btn-style\" href=\"http:\/\/portalcatolico.net\/portal\/buerarema-festejos-em-homenagem-a-padroeira-senhora-santana-comecara-nesta-segunda-feira\/\">Continue Reading<\/a><\/p>\n","protected":false},"author":2,"featured_media":57306,"comment_status":"open","ping_status":"open","sticky":false,"template":"","format":"standard","meta":{"footnotes":""},"categories":[1],"tags":[],"class_list":["post-57305","post","type-post","status-publish","format-standard","has-post-thumbnail","hentry","category-agenda"],"_links":{"self":[{"href":"http:\/\/portalcatolico.net\/portal\/wp-json\/wp\/v2\/posts\/57305","targetHints":{"allow":["GET"]}}],"collection":[{"href":"http:\/\/portalcatolico.net\/portal\/wp-json\/wp\/v2\/posts"}],"about":[{"href":"http:\/\/portalcatolico.net\/portal\/wp-json\/wp\/v2\/types\/post"}],"author":[{"embeddable":true,"href":"http:\/\/portalcatolico.net\/portal\/wp-json\/wp\/v2\/users\/2"}],"replies":[{"embeddable":true,"href":"http:\/\/portalcatolico.net\/portal\/wp-json\/wp\/v2\/comments?post=57305"}],"version-history":[{"count":3,"href":"http:\/\/portalcatolico.net\/portal\/wp-json\/wp\/v2\/posts\/57305\/revisions"}],"predecessor-version":[{"id":57310,"href":"http:\/\/portalcatolico.net\/portal\/wp-json\/wp\/v2\/posts\/57305\/revisions\/57310"}],"wp:featuredmedia":[{"embeddable":true,"href":"http:\/\/portalcatolico.net\/portal\/wp-json\/wp\/v2\/media\/57306"}],"wp:attachment":[{"href":"http:\/\/portalcatolico.net\/portal\/wp-json\/wp\/v2\/media?parent=57305"}],"wp:term":[{"taxonomy":"category","embeddable":true,"href":"http:\/\/portalcatolico.net\/portal\/wp-json\/wp\/v2\/categories?post=57305"},{"taxonomy":"post_tag","embeddable":true,"href":"http:\/\/portalcatolico.net\/portal\/wp-json\/wp\/v2\/tags?post=57305"}],"curies":[{"name":"wp","href":"https:\/\/api.w.org\/{rel}","templated":true}]}}