{"id":57302,"date":"2018-07-14T21:56:18","date_gmt":"2018-07-15T00:56:18","guid":{"rendered":"http:\/\/portalcatolico.net\/portal\/?p=57302"},"modified":"2018-07-14T21:56:33","modified_gmt":"2018-07-15T00:56:33","slug":"papa-agradece-patriarca-de-lisboa-por-documento-sobre-aplicacao-de-amoris-laetitia","status":"publish","type":"post","link":"http:\/\/portalcatolico.net\/portal\/papa-agradece-patriarca-de-lisboa-por-documento-sobre-aplicacao-de-amoris-laetitia\/","title":{"rendered":"Papa agradece Patriarca de Lisboa por documento sobre aplica\u00e7\u00e3o de Amoris Laetitia"},"content":{"rendered":"<p>O Papa Francisco enviou uma carta ao Patriarca de Lisboa (Portugal), Dom Manuel Clemente, agradecendo pela publica\u00e7\u00e3o, em fevereiro deste ano, de uma \u201cNota para a recep\u00e7\u00e3o do cap\u00edtulo VIII da exorta\u00e7\u00e3o apost\u00f3lica \u2018Amoris Laetitia\u2019\u201d, na qual o Prelado deixou algumas indica\u00e7\u00f5es aos seus presb\u00edteros.<\/p>\n<p>\u201cEsta sua aprofundada reflex\u00e3o encheu-me de alegria, porque reconheci nela o esfor\u00e7o do pastor e pai que, consciente do seu dever de acompanhar os fi\u00e9is, quis faz\u00ea-lo come\u00e7ando pelos seus presb\u00edteros para poderem cumprir da melhor forma o minist\u00e9rio\u201d, expressou o Pont\u00edfice na missiva data de 26 de junho, divulgada no site do Patriarcado de Lisboa.<\/p>\n<p>Na carta, Francisco que, atualmente, as situa\u00e7\u00f5es da&nbsp;vida&nbsp;conjugal constituem \u201cum dos campos onde tal acompanhamento \u00e9 mais necess\u00e1rio e delicado\u201d.<\/p>\n<p>Por isso, afirma que \u201cquis chamar o Col\u00e9gio Episcopal a um itiner\u00e1rio sinodal prolongado, que propiciasse \u2013 apesar das dificuldades inevit\u00e1veis \u2013 a matura\u00e7\u00e3o de orienta\u00e7\u00f5es compartilhadas em benef\u00edcio de todo o povo de Deus\u201d.<\/p>\n<p>O Santo Padre, ent\u00e3o, expressa sua \u201cgratid\u00e3o\u201d a Dom Clemente e, ao mesmo tempo, encoraja o Purpurado e \u201cseus colaboradores no minist\u00e9rio pastoral\u201d a que prossigam, \u201csabedoria e paci\u00eancia, no compromisso de acompanhar, discernir e integrar a fragilidade, que de variadas formas se manifesta nos c\u00f4njuges e nos seus v\u00ednculos\u201d.<\/p>\n<p>Trata-se, indicou o Papa, de \u201cum compromisso que, se por um lado requer de n\u00f3s, pastores, n\u00e3o pouco esfor\u00e7o, por outro regenera-nos e santifica-nos, pois tudo \u00e9 animado pela gra\u00e7a do Esp\u00edrito Santo, que o Senhor Ressuscitado concedeu aos ap\u00f3stolos para a remiss\u00e3o dos pecados e o sol\u00edcito tratamento de todas as feridas\u201d.<\/p>\n<p>\u201cNa alegria de partilhar consigo, amado Irm\u00e3o, esta doce e exigente miss\u00e3o, asseguro a lembran\u00e7a da sua pessoa na minha ora\u00e7\u00e3o e, pedindo-lhe que reze por mim tamb\u00e9m, de cora\u00e7\u00e3o o aben\u00e7oo juntamente com o presbit\u00e9rio e toda a comunidade diocesana do Patriarcado de Lisboa\u201d, concluiu o Santo Padre.(ACI Digital)<\/p>\n<p>Papa Francisco. Foto: ACI Prensa \/ Dom Manuel Clemente. Foto: Twitter D. Manuel Clemente<\/p>\n","protected":false},"excerpt":{"rendered":"<p>O Papa Francisco enviou uma carta ao Patriarca de Lisboa (Portugal), Dom Manuel Clemente, agradecendo pela publica\u00e7\u00e3o, em fevereiro deste ano, de uma \u201cNota para a recep\u00e7\u00e3o do cap\u00edtulo VIII da exorta\u00e7\u00e3o apost\u00f3lica \u2018Amoris Laetitia\u2019\u201d, na qual o Prelado deixou algumas indica\u00e7\u00f5es aos seus presb\u00edteros. \u201cEsta sua aprofundada reflex\u00e3o encheu-me de alegria, porque reconheci nela&nbsp;<\/p>\n<p><a class=\"btn btn-style\" href=\"http:\/\/portalcatolico.net\/portal\/papa-agradece-patriarca-de-lisboa-por-documento-sobre-aplicacao-de-amoris-laetitia\/\">Continue Reading<\/a><\/p>\n","protected":false},"author":2,"featured_media":57303,"comment_status":"open","ping_status":"open","sticky":false,"template":"","format":"standard","meta":{"footnotes":""},"categories":[5],"tags":[],"class_list":["post-57302","post","type-post","status-publish","format-standard","has-post-thumbnail","hentry","category-igreja_no_mundo"],"_links":{"self":[{"href":"http:\/\/portalcatolico.net\/portal\/wp-json\/wp\/v2\/posts\/57302","targetHints":{"allow":["GET"]}}],"collection":[{"href":"http:\/\/portalcatolico.net\/portal\/wp-json\/wp\/v2\/posts"}],"about":[{"href":"http:\/\/portalcatolico.net\/portal\/wp-json\/wp\/v2\/types\/post"}],"author":[{"embeddable":true,"href":"http:\/\/portalcatolico.net\/portal\/wp-json\/wp\/v2\/users\/2"}],"replies":[{"embeddable":true,"href":"http:\/\/portalcatolico.net\/portal\/wp-json\/wp\/v2\/comments?post=57302"}],"version-history":[{"count":1,"href":"http:\/\/portalcatolico.net\/portal\/wp-json\/wp\/v2\/posts\/57302\/revisions"}],"predecessor-version":[{"id":57304,"href":"http:\/\/portalcatolico.net\/portal\/wp-json\/wp\/v2\/posts\/57302\/revisions\/57304"}],"wp:featuredmedia":[{"embeddable":true,"href":"http:\/\/portalcatolico.net\/portal\/wp-json\/wp\/v2\/media\/57303"}],"wp:attachment":[{"href":"http:\/\/portalcatolico.net\/portal\/wp-json\/wp\/v2\/media?parent=57302"}],"wp:term":[{"taxonomy":"category","embeddable":true,"href":"http:\/\/portalcatolico.net\/portal\/wp-json\/wp\/v2\/categories?post=57302"},{"taxonomy":"post_tag","embeddable":true,"href":"http:\/\/portalcatolico.net\/portal\/wp-json\/wp\/v2\/tags?post=57302"}],"curies":[{"name":"wp","href":"https:\/\/api.w.org\/{rel}","templated":true}]}}