{"id":57299,"date":"2018-07-14T13:46:46","date_gmt":"2018-07-14T16:46:46","guid":{"rendered":"http:\/\/portalcatolico.net\/portal\/?p=57299"},"modified":"2018-07-14T13:46:46","modified_gmt":"2018-07-14T16:46:46","slug":"santa-maria-madalena-e-celebrada-em-itabuna","status":"publish","type":"post","link":"http:\/\/portalcatolico.net\/portal\/santa-maria-madalena-e-celebrada-em-itabuna\/","title":{"rendered":"Santa Maria Madalena \u00e9 celebrada em Itabuna"},"content":{"rendered":"<p>A Festa da Padroeira est\u00e1 diretamente&nbsp;ligada \u00e0 vida da comunidade itabunense e mais um cap\u00edtulo dessa hist\u00f3ria&nbsp;come\u00e7ou a ser escrito a partir da noite desta sexta-feira (13), na&nbsp;Par\u00f3quia Santa Maria Madalena, que situa-se no bairro Nova Itabuna.<\/p>\n<p>O tema central da festa&nbsp;para este ano \u00e9: &#8220;Maria Madalena exemplo de leiga&nbsp; e servidora de Jesus&#8221;.<br \/>\nOs preparativos para a&nbsp; festa&nbsp; da padroeira do bairro Nova Itabuna,&nbsp;tiveram in\u00edcio neste dia&nbsp; 13 de julho, com uma Celebra\u00e7\u00e3o Eucar\u00edstica presidida por Dom Carlos&nbsp;Alberto dos Santos, bispo da Diocese de Itabuna e concelebrada pelo&nbsp;padre da Igreja matriz, o p\u00e1roco Tony Val\u00e9rio e pelos di\u00e1conos Trajano&nbsp;Oswaldo e Erisvaldo.<\/p>\n<p>Na abertura do Noven\u00e1rio, Dom Carlos fez um questionamento aos fieis: &#8220;Santa Maria Madalena \u00e9 exemplo, &nbsp;\u00e9 servidora, \u00e9 mission\u00e1ria. E n\u00f3s estamos sendo?&#8221;, e aproveitou para ressaltar que todos devem encontrar for\u00e7a para serem como Maria Madalena e seguidores da palavra de Deus.<\/p>\n<p>O noven\u00e1rio &nbsp;segue at\u00e9&nbsp;o dia 22, com missa todas as&nbsp;noites, quermesse,&nbsp; bazar, pula-pula para a crian\u00e7ada, entre outros&nbsp;momentos de evangeliza\u00e7\u00e3o. Lembrando que de segunda a sexta-feira, a santa missa&nbsp;ser\u00e1 \u00e0s 19h. S\u00e1bado e domingo, \u00e0s18h.<br \/>\nNo dia 22 , o bloco Vem pra Cristo se apresenta com o tema :&#8221;Eu Tenho A&nbsp; Marca Da Vit\u00f3ria&#8221;<br \/>\nA camisa do bloco est\u00e1 sendo vendida a 12 reais. Na oportunidade,&nbsp; haver\u00e1 trio el\u00e9trico e um carro pipa com a \u00e1gua aben\u00e7oada. Os&nbsp; interessados devem procurar&nbsp; a secretaria da par\u00f3quia ou os paroquianos nos hor\u00e1rio das&nbsp;missas durante o noven\u00e1rio.<br \/>\nVale ressaltar ainda, que a santa missa solene do dia 22, acontecer\u00e1 \u00e0s&nbsp;17h, e s\u00f3 depois, o bloco seguir\u00e1 pelas ruas do bairro.<br \/>\nConfira as fotos na nossa p\u00e1gina do Facebook: <a href=\"https:\/\/www.facebook.com\/portalcatolicooficial\"><span style=\"color: #ff0000;\">CLIQUE AQUI<\/span><\/a><\/p>\n","protected":false},"excerpt":{"rendered":"<p>A Festa da Padroeira est\u00e1 diretamente&nbsp;ligada \u00e0 vida da comunidade itabunense e mais um cap\u00edtulo dessa hist\u00f3ria&nbsp;come\u00e7ou a ser escrito a partir da noite desta sexta-feira (13), na&nbsp;Par\u00f3quia Santa Maria Madalena, que situa-se no bairro Nova Itabuna. O tema central da festa&nbsp;para este ano \u00e9: &#8220;Maria Madalena exemplo de leiga&nbsp; e servidora de Jesus&#8221;. Os&nbsp;<\/p>\n<p><a class=\"btn btn-style\" href=\"http:\/\/portalcatolico.net\/portal\/santa-maria-madalena-e-celebrada-em-itabuna\/\">Continue Reading<\/a><\/p>\n","protected":false},"author":2,"featured_media":57300,"comment_status":"open","ping_status":"open","sticky":false,"template":"","format":"standard","meta":{"footnotes":""},"categories":[68],"tags":[],"class_list":["post-57299","post","type-post","status-publish","format-standard","has-post-thumbnail","hentry","category-homilias"],"_links":{"self":[{"href":"http:\/\/portalcatolico.net\/portal\/wp-json\/wp\/v2\/posts\/57299","targetHints":{"allow":["GET"]}}],"collection":[{"href":"http:\/\/portalcatolico.net\/portal\/wp-json\/wp\/v2\/posts"}],"about":[{"href":"http:\/\/portalcatolico.net\/portal\/wp-json\/wp\/v2\/types\/post"}],"author":[{"embeddable":true,"href":"http:\/\/portalcatolico.net\/portal\/wp-json\/wp\/v2\/users\/2"}],"replies":[{"embeddable":true,"href":"http:\/\/portalcatolico.net\/portal\/wp-json\/wp\/v2\/comments?post=57299"}],"version-history":[{"count":1,"href":"http:\/\/portalcatolico.net\/portal\/wp-json\/wp\/v2\/posts\/57299\/revisions"}],"predecessor-version":[{"id":57301,"href":"http:\/\/portalcatolico.net\/portal\/wp-json\/wp\/v2\/posts\/57299\/revisions\/57301"}],"wp:featuredmedia":[{"embeddable":true,"href":"http:\/\/portalcatolico.net\/portal\/wp-json\/wp\/v2\/media\/57300"}],"wp:attachment":[{"href":"http:\/\/portalcatolico.net\/portal\/wp-json\/wp\/v2\/media?parent=57299"}],"wp:term":[{"taxonomy":"category","embeddable":true,"href":"http:\/\/portalcatolico.net\/portal\/wp-json\/wp\/v2\/categories?post=57299"},{"taxonomy":"post_tag","embeddable":true,"href":"http:\/\/portalcatolico.net\/portal\/wp-json\/wp\/v2\/tags?post=57299"}],"curies":[{"name":"wp","href":"https:\/\/api.w.org\/{rel}","templated":true}]}}