{"id":57296,"date":"2018-07-14T09:14:32","date_gmt":"2018-07-14T12:14:32","guid":{"rendered":"http:\/\/portalcatolico.net\/portal\/?p=57296"},"modified":"2018-07-14T09:15:19","modified_gmt":"2018-07-14T12:15:19","slug":"religiosos-de-itabuna-vao-receber-titulo-de-cidadao-itabunense","status":"publish","type":"post","link":"http:\/\/portalcatolico.net\/portal\/religiosos-de-itabuna-vao-receber-titulo-de-cidadao-itabunense\/","title":{"rendered":"Religiosos de Itabuna v\u00e3o receber t\u00edtulo de cidad\u00e3o itabunense"},"content":{"rendered":"<p style=\"font-weight: 400;\">Dom Carlos Alberto dos Santos e Padre Manoel Carlos&nbsp; ser\u00e3o agraciados com o&nbsp; t\u00edtulo de cidad\u00e3o itabunense, no dia 26 de julho, a partir das 19h ,na&nbsp; Associa\u00e7\u00e3o Atl\u00e9tica Banco do Brasil (AABB), em Itabuna (BA).<\/p>\n<p style=\"font-weight: 400;\">Dom Carlos&nbsp;Alberto dos Santos \u00e9 atualmente o Bispo da Diocese de Itabuna e Padre Manoel Carlos de Jesus Cruz \u00e9 p\u00e1roco da&nbsp;Par\u00f3quia Senhor do Bomfim, situada no bairro Jardim Primavera.<\/p>\n<p style=\"font-weight: 400;\">A propositura apresentada na C\u00e2mara Municipal de Itabuna&nbsp;\u00e9 de autoria do vereador&nbsp; Enderson&nbsp; Bruno dos Santos (Guinho do&nbsp;PDT).<\/p>\n<p>&nbsp;<\/p>\n","protected":false},"excerpt":{"rendered":"<p>Dom Carlos Alberto dos Santos e Padre Manoel Carlos&nbsp; ser\u00e3o agraciados com o&nbsp; t\u00edtulo de cidad\u00e3o itabunense, no dia 26 de julho, a partir das 19h ,na&nbsp; Associa\u00e7\u00e3o Atl\u00e9tica Banco do Brasil (AABB), em Itabuna (BA). Dom Carlos&nbsp;Alberto dos Santos \u00e9 atualmente o Bispo da Diocese de Itabuna e Padre Manoel Carlos de Jesus Cruz&nbsp;<\/p>\n<p><a class=\"btn btn-style\" href=\"http:\/\/portalcatolico.net\/portal\/religiosos-de-itabuna-vao-receber-titulo-de-cidadao-itabunense\/\">Continue Reading<\/a><\/p>\n","protected":false},"author":2,"featured_media":57297,"comment_status":"open","ping_status":"open","sticky":false,"template":"","format":"standard","meta":{"footnotes":""},"categories":[1],"tags":[],"class_list":["post-57296","post","type-post","status-publish","format-standard","has-post-thumbnail","hentry","category-agenda"],"_links":{"self":[{"href":"http:\/\/portalcatolico.net\/portal\/wp-json\/wp\/v2\/posts\/57296","targetHints":{"allow":["GET"]}}],"collection":[{"href":"http:\/\/portalcatolico.net\/portal\/wp-json\/wp\/v2\/posts"}],"about":[{"href":"http:\/\/portalcatolico.net\/portal\/wp-json\/wp\/v2\/types\/post"}],"author":[{"embeddable":true,"href":"http:\/\/portalcatolico.net\/portal\/wp-json\/wp\/v2\/users\/2"}],"replies":[{"embeddable":true,"href":"http:\/\/portalcatolico.net\/portal\/wp-json\/wp\/v2\/comments?post=57296"}],"version-history":[{"count":1,"href":"http:\/\/portalcatolico.net\/portal\/wp-json\/wp\/v2\/posts\/57296\/revisions"}],"predecessor-version":[{"id":57298,"href":"http:\/\/portalcatolico.net\/portal\/wp-json\/wp\/v2\/posts\/57296\/revisions\/57298"}],"wp:featuredmedia":[{"embeddable":true,"href":"http:\/\/portalcatolico.net\/portal\/wp-json\/wp\/v2\/media\/57297"}],"wp:attachment":[{"href":"http:\/\/portalcatolico.net\/portal\/wp-json\/wp\/v2\/media?parent=57296"}],"wp:term":[{"taxonomy":"category","embeddable":true,"href":"http:\/\/portalcatolico.net\/portal\/wp-json\/wp\/v2\/categories?post=57296"},{"taxonomy":"post_tag","embeddable":true,"href":"http:\/\/portalcatolico.net\/portal\/wp-json\/wp\/v2\/tags?post=57296"}],"curies":[{"name":"wp","href":"https:\/\/api.w.org\/{rel}","templated":true}]}}