{"id":57289,"date":"2018-07-13T22:33:25","date_gmt":"2018-07-14T01:33:25","guid":{"rendered":"http:\/\/portalcatolico.net\/portal\/?p=57289"},"modified":"2018-07-13T22:45:03","modified_gmt":"2018-07-14T01:45:03","slug":"sao-boaventura-e-celebrado-com-grande-festa-em-canavieiras","status":"publish","type":"post","link":"http:\/\/portalcatolico.net\/portal\/sao-boaventura-e-celebrado-com-grande-festa-em-canavieiras\/","title":{"rendered":"S\u00e3o Boaventura \u00e9 celebrado com grande festa em Canavieiras"},"content":{"rendered":"<p>Os paroquianos canavieirenses&nbsp; est\u00e3o em clima de&nbsp;festa e devo\u00e7\u00e3o ao padroeiro S\u00e3o Boaventura desde o in\u00edcio deste m\u00eas. As celebra\u00e7\u00f5es, que &nbsp;seguem at\u00e9 o dia 14 de julho, tem como tema:&nbsp; \u201c300 anos de f\u00e9 e evangeliza\u00e7\u00e3o neste ch\u00e3o, construindo&nbsp; o Reino de&nbsp; Deus\u201d.<br \/>\nOs festejos tiveram in\u00edcio com uma grande carreata pelas ruas da cidade, mostrando a manifesta\u00e7\u00e3o de f\u00e9 e devo\u00e7\u00e3o de toda popula\u00e7\u00e3o.<br \/>\nAs missas foram agraciadas com padres visitantes e concelebradas pelo Padre Vinicius&nbsp;<br \/>\nMascarenhas (p\u00e1roco da Par\u00f3quia S\u00e3o Boaventura). O Bispo da Diocese de&nbsp;Itabuna, Dom Carlos Alberto dos Santos, tamb\u00e9m marcou presen\u00e7a. A Banda Vida Reluz, Adriana Arydes e Colo de Deus abrilhantaram ainda mais a festa do padroeiro.<\/p>\n<p>No grande dia festivo, 14, a programa\u00e7\u00e3o \u00e9 especial:&nbsp;<\/p>\n<p>6h-Alvorada festiva com hino de S\u00e3o Boaventura, repicar de sinos e&nbsp; queima de fogos e hasteamento de bandeira&nbsp;<\/p>\n<p>10h-Solene Celebrada Eucar\u00edstica em Louvor a S\u00e3o Boaventura<\/p>\n<p>16h-Celebra\u00e7\u00e3o Eucar\u00edstica<\/p>\n<p>17h- Prociss\u00e3o&nbsp; com a imagem do santo pelas ruas da cidade, seguida&nbsp;&nbsp;de b\u00ean\u00e7\u00e3o do Sant\u00edssimo&nbsp; Sacramento e momento oracional&nbsp; com a Banda&nbsp;Colo de Deus.<\/p>\n<p><strong>Hist\u00f3ria<br \/>\n<\/strong>Giovanni Fidanza foi o verdadeiro nome de S\u00e3o Boaventura, padroeiro de&nbsp;Canavieiras. Ele nasceu em Bagnoregio, no centro da pen\u00ednsula italiana&nbsp;em 1221 e morreu em 1274. Pertenceu \u00e0 Ordem dos Frades Menores e foi&nbsp;cardeal de Albano, sendo canonizado em 1482, quando foi declarado doutor&nbsp;da igreja, com o t\u00edtulo de Doutor Ser\u00e1fico. Desde os prim\u00f3rdios de sua&nbsp;exist\u00eancia. Canavieiras o tem como padroeiro, devido ao fato de sua&nbsp;imagem ter sido encontrada quando o povoado ainda estava em sua fase&nbsp;inicial. Nesta ocasi\u00e3o, o n\u00facleo populacional estava localizado no Puxim,&nbsp;sendo depois transferido para a Ilha de Canavieiras.<\/p>\n<p>Foto: Arquivo\/Portal Cat\u00f3lico<\/p>\n<p>Por: Anara Passos (Jornalista DRT 7574)<\/p>\n<p><em>&nbsp;<\/em><\/p>\n","protected":false},"excerpt":{"rendered":"<p>Os paroquianos canavieirenses&nbsp; est\u00e3o em clima de&nbsp;festa e devo\u00e7\u00e3o ao padroeiro S\u00e3o Boaventura desde o in\u00edcio deste m\u00eas. As celebra\u00e7\u00f5es, que &nbsp;seguem at\u00e9 o dia 14 de julho, tem como tema:&nbsp; \u201c300 anos de f\u00e9 e evangeliza\u00e7\u00e3o neste ch\u00e3o, construindo&nbsp; o Reino de&nbsp; Deus\u201d. Os festejos tiveram in\u00edcio com uma grande carreata pelas ruas da&nbsp;<\/p>\n<p><a class=\"btn btn-style\" href=\"http:\/\/portalcatolico.net\/portal\/sao-boaventura-e-celebrado-com-grande-festa-em-canavieiras\/\">Continue Reading<\/a><\/p>\n","protected":false},"author":2,"featured_media":57290,"comment_status":"open","ping_status":"open","sticky":false,"template":"","format":"standard","meta":{"footnotes":""},"categories":[4],"tags":[],"class_list":["post-57289","post","type-post","status-publish","format-standard","has-post-thumbnail","hentry","category-destaques"],"_links":{"self":[{"href":"http:\/\/portalcatolico.net\/portal\/wp-json\/wp\/v2\/posts\/57289","targetHints":{"allow":["GET"]}}],"collection":[{"href":"http:\/\/portalcatolico.net\/portal\/wp-json\/wp\/v2\/posts"}],"about":[{"href":"http:\/\/portalcatolico.net\/portal\/wp-json\/wp\/v2\/types\/post"}],"author":[{"embeddable":true,"href":"http:\/\/portalcatolico.net\/portal\/wp-json\/wp\/v2\/users\/2"}],"replies":[{"embeddable":true,"href":"http:\/\/portalcatolico.net\/portal\/wp-json\/wp\/v2\/comments?post=57289"}],"version-history":[{"count":5,"href":"http:\/\/portalcatolico.net\/portal\/wp-json\/wp\/v2\/posts\/57289\/revisions"}],"predecessor-version":[{"id":57295,"href":"http:\/\/portalcatolico.net\/portal\/wp-json\/wp\/v2\/posts\/57289\/revisions\/57295"}],"wp:featuredmedia":[{"embeddable":true,"href":"http:\/\/portalcatolico.net\/portal\/wp-json\/wp\/v2\/media\/57290"}],"wp:attachment":[{"href":"http:\/\/portalcatolico.net\/portal\/wp-json\/wp\/v2\/media?parent=57289"}],"wp:term":[{"taxonomy":"category","embeddable":true,"href":"http:\/\/portalcatolico.net\/portal\/wp-json\/wp\/v2\/categories?post=57289"},{"taxonomy":"post_tag","embeddable":true,"href":"http:\/\/portalcatolico.net\/portal\/wp-json\/wp\/v2\/tags?post=57289"}],"curies":[{"name":"wp","href":"https:\/\/api.w.org\/{rel}","templated":true}]}}