{"id":57284,"date":"2018-07-12T22:01:57","date_gmt":"2018-07-13T01:01:57","guid":{"rendered":"http:\/\/portalcatolico.net\/portal\/?p=57284"},"modified":"2018-07-12T22:01:57","modified_gmt":"2018-07-13T01:01:57","slug":"julho-mes-do-dizimo-e-mes-da-partilha","status":"publish","type":"post","link":"http:\/\/portalcatolico.net\/portal\/julho-mes-do-dizimo-e-mes-da-partilha\/","title":{"rendered":"Julho: m\u00eas do Dizimo e m\u00eas da partilha"},"content":{"rendered":"<p><em>Neste m\u00eas de julho todos n\u00f3s somos convidados a meditar a nossa responsabilidade e participa\u00e7\u00e3o na comunidade Crist\u00e3 atrav\u00e9s do Reconhecimento e Devolu\u00e7\u00e3o do D\u00edzimo.<\/em><\/p>\n<p><em>Acreditar na a\u00e7\u00e3o de Deus em nossas vidas, \u00e9 reconhecer que somos filhos dele e que, se vivemos \u00e9 pela gra\u00e7a e pelo amor que ele tem por cada um de n\u00f3s. Reconhecer a grandeza desse amor do Pai, \u00e9 saber conviver com o pr\u00f3ximo, fazendo o bem, vivendo a fraternidade diariamente, comungando o mesmo objetivo da realiza\u00e7\u00e3o do seu Reino.<\/em><\/p>\n<p><em>\u00c9 o amor de Deus que nos impulsiona a partilhar nossos bens, integrando todo ser humano \u00e0 mais profunda grandeza e experi\u00eancia de a\u00e7\u00e3o de gra\u00e7as: o D\u00edzimo. Viver o D\u00edzimo, atrav\u00e9s da contribui\u00e7\u00e3o mensal, \u00e9 saber agradecer a Deus e reconhecer o seu amor por cada um de seus filhos. N\u00f3s, crist\u00e3o, n\u00e3o pagamos o D\u00edzimo porque ao temos nada a comprar de Deus: Ele j\u00e1 nos d\u00e1 tudo gratuitamente. Mas porque amamos, queremos partilhar colocando em comum o que, de direito, pertence a todos, porque pertence a Deus. Impulsionados pelo amor do Pai vamos \u201carrega\u00e7ar as nossas mangas\u201d assumamos a nossa comunidade com responsabilidade, sejamos fieis a nossa f\u00e9. E como batizados fa\u00e7amos a nossa parte, pois s\u00f3 assim a comunidade atingir\u00e1 aquela que \u00e9 a sua meta priorit\u00e1ria: a evangeliza\u00e7\u00e3o de todos.<\/em><\/p>\n<p><em>Procure a Secretaria de sua Par\u00f3quia ou a Pastoral do D\u00edzimo em sua Comunidade e assuma esse compromisso com o anuncio da Palavra de Deus.<\/em><\/p>\n<p><em>&nbsp;Ser dizimista \u00e9 uma atitude consciente de um cat\u00f3lico verdadeiro, que compreendeu o Evangelho de Cristo e por isso oferece generosamente seus dons para a constru\u00e7\u00e3o do Reino de Deus.<\/em><\/p>\n","protected":false},"excerpt":{"rendered":"<p>Neste m\u00eas de julho todos n\u00f3s somos convidados a meditar a nossa responsabilidade e participa\u00e7\u00e3o na comunidade Crist\u00e3 atrav\u00e9s do Reconhecimento e Devolu\u00e7\u00e3o do D\u00edzimo. Acreditar na a\u00e7\u00e3o de Deus em nossas vidas, \u00e9 reconhecer que somos filhos dele e que, se vivemos \u00e9 pela gra\u00e7a e pelo amor que ele tem por cada um&nbsp;<\/p>\n<p><a class=\"btn btn-style\" href=\"http:\/\/portalcatolico.net\/portal\/julho-mes-do-dizimo-e-mes-da-partilha\/\">Continue Reading<\/a><\/p>\n","protected":false},"author":2,"featured_media":57224,"comment_status":"open","ping_status":"open","sticky":false,"template":"","format":"standard","meta":{"footnotes":""},"categories":[69],"tags":[],"class_list":["post-57284","post","type-post","status-publish","format-standard","has-post-thumbnail","hentry","category-artigos"],"_links":{"self":[{"href":"http:\/\/portalcatolico.net\/portal\/wp-json\/wp\/v2\/posts\/57284","targetHints":{"allow":["GET"]}}],"collection":[{"href":"http:\/\/portalcatolico.net\/portal\/wp-json\/wp\/v2\/posts"}],"about":[{"href":"http:\/\/portalcatolico.net\/portal\/wp-json\/wp\/v2\/types\/post"}],"author":[{"embeddable":true,"href":"http:\/\/portalcatolico.net\/portal\/wp-json\/wp\/v2\/users\/2"}],"replies":[{"embeddable":true,"href":"http:\/\/portalcatolico.net\/portal\/wp-json\/wp\/v2\/comments?post=57284"}],"version-history":[{"count":1,"href":"http:\/\/portalcatolico.net\/portal\/wp-json\/wp\/v2\/posts\/57284\/revisions"}],"predecessor-version":[{"id":57285,"href":"http:\/\/portalcatolico.net\/portal\/wp-json\/wp\/v2\/posts\/57284\/revisions\/57285"}],"wp:featuredmedia":[{"embeddable":true,"href":"http:\/\/portalcatolico.net\/portal\/wp-json\/wp\/v2\/media\/57224"}],"wp:attachment":[{"href":"http:\/\/portalcatolico.net\/portal\/wp-json\/wp\/v2\/media?parent=57284"}],"wp:term":[{"taxonomy":"category","embeddable":true,"href":"http:\/\/portalcatolico.net\/portal\/wp-json\/wp\/v2\/categories?post=57284"},{"taxonomy":"post_tag","embeddable":true,"href":"http:\/\/portalcatolico.net\/portal\/wp-json\/wp\/v2\/tags?post=57284"}],"curies":[{"name":"wp","href":"https:\/\/api.w.org\/{rel}","templated":true}]}}