{"id":57281,"date":"2018-08-18T06:15:39","date_gmt":"2018-08-18T09:15:39","guid":{"rendered":"http:\/\/portalcatolico.net\/portal\/?p=57281"},"modified":"2018-08-18T08:16:48","modified_gmt":"2018-08-18T11:16:48","slug":"rcc-da-diocese-de-ilheus-realiza-vi-congresso-diocesano-em-agosto","status":"publish","type":"post","link":"http:\/\/portalcatolico.net\/portal\/rcc-da-diocese-de-ilheus-realiza-vi-congresso-diocesano-em-agosto\/","title":{"rendered":"RCC da Diocese de Ilh\u00e9us realiza VI Congresso Diocesano em agosto"},"content":{"rendered":"<p style=\"font-weight: 400;\">A Renova\u00e7\u00e3o Carism\u00e1tica Cat\u00f3lica da Diocese de Ilh\u00e9us, no sul da Bahia,&nbsp;&nbsp;realizar\u00e1 o VI Congresso Diocesano nos dias 24, 25 e 26 de agosto, no&nbsp;<br \/>\nGin\u00e1sio Poliesportivo, na cidade de Teol\u00e2ndia&nbsp; (BA). Conforme a comiss\u00e3o&nbsp;organizadora, j\u00e1 est\u00e3o abertas&nbsp; as inscri\u00e7\u00f5es.<\/p>\n<p style=\"font-weight: 400;\">O 1\u00ba lote promocional ser\u00e1 no valor de 30 reais at\u00e9 o dia 22 de julho. O 2\u00b0 lote&nbsp;ficar\u00e1 dispon\u00edvel at\u00e9 o dia 06 de agosto no R$ valor 40 reais.<\/p>\n<p style=\"font-weight: 400;\">O IV&nbsp;Congressinho Diocesano, voltado para as crian\u00e7as dos participantes, ter\u00e1 um&nbsp;investimento de R$15 reais. Para obter mais informa\u00e7\u00f5es, procure o Grupo&nbsp;de Ora\u00e7\u00e3o na Par\u00f3quia da sua cidade, pelo telefone: (73) 9 8801-7269.<\/p>\n","protected":false},"excerpt":{"rendered":"<p>A Renova\u00e7\u00e3o Carism\u00e1tica Cat\u00f3lica da Diocese de Ilh\u00e9us, no sul da Bahia,&nbsp;&nbsp;realizar\u00e1 o VI Congresso Diocesano nos dias 24, 25 e 26 de agosto, no&nbsp; Gin\u00e1sio Poliesportivo, na cidade de Teol\u00e2ndia&nbsp; (BA). Conforme a comiss\u00e3o&nbsp;organizadora, j\u00e1 est\u00e3o abertas&nbsp; as inscri\u00e7\u00f5es. O 1\u00ba lote promocional ser\u00e1 no valor de 30 reais at\u00e9 o dia 22 de&nbsp;<\/p>\n<p><a class=\"btn btn-style\" href=\"http:\/\/portalcatolico.net\/portal\/rcc-da-diocese-de-ilheus-realiza-vi-congresso-diocesano-em-agosto\/\">Continue Reading<\/a><\/p>\n","protected":false},"author":2,"featured_media":57282,"comment_status":"open","ping_status":"open","sticky":false,"template":"","format":"standard","meta":{"footnotes":""},"categories":[1],"tags":[],"class_list":["post-57281","post","type-post","status-publish","format-standard","has-post-thumbnail","hentry","category-agenda"],"_links":{"self":[{"href":"http:\/\/portalcatolico.net\/portal\/wp-json\/wp\/v2\/posts\/57281","targetHints":{"allow":["GET"]}}],"collection":[{"href":"http:\/\/portalcatolico.net\/portal\/wp-json\/wp\/v2\/posts"}],"about":[{"href":"http:\/\/portalcatolico.net\/portal\/wp-json\/wp\/v2\/types\/post"}],"author":[{"embeddable":true,"href":"http:\/\/portalcatolico.net\/portal\/wp-json\/wp\/v2\/users\/2"}],"replies":[{"embeddable":true,"href":"http:\/\/portalcatolico.net\/portal\/wp-json\/wp\/v2\/comments?post=57281"}],"version-history":[{"count":1,"href":"http:\/\/portalcatolico.net\/portal\/wp-json\/wp\/v2\/posts\/57281\/revisions"}],"predecessor-version":[{"id":57283,"href":"http:\/\/portalcatolico.net\/portal\/wp-json\/wp\/v2\/posts\/57281\/revisions\/57283"}],"wp:featuredmedia":[{"embeddable":true,"href":"http:\/\/portalcatolico.net\/portal\/wp-json\/wp\/v2\/media\/57282"}],"wp:attachment":[{"href":"http:\/\/portalcatolico.net\/portal\/wp-json\/wp\/v2\/media?parent=57281"}],"wp:term":[{"taxonomy":"category","embeddable":true,"href":"http:\/\/portalcatolico.net\/portal\/wp-json\/wp\/v2\/categories?post=57281"},{"taxonomy":"post_tag","embeddable":true,"href":"http:\/\/portalcatolico.net\/portal\/wp-json\/wp\/v2\/tags?post=57281"}],"curies":[{"name":"wp","href":"https:\/\/api.w.org\/{rel}","templated":true}]}}