{"id":57276,"date":"2018-07-12T21:05:45","date_gmt":"2018-07-13T00:05:45","guid":{"rendered":"http:\/\/portalcatolico.net\/portal\/?p=57276"},"modified":"2018-07-12T21:06:11","modified_gmt":"2018-07-13T00:06:11","slug":"shows-catolicos-acontecem-neste-fim-de-semana-em-canavieiras","status":"publish","type":"post","link":"http:\/\/portalcatolico.net\/portal\/shows-catolicos-acontecem-neste-fim-de-semana-em-canavieiras\/","title":{"rendered":"Shows cat\u00f3licos acontecem neste fim de semana em Canavieiras"},"content":{"rendered":"<p style=\"font-weight: 400;\">Os festejos dos 300 anos de funda\u00e7\u00e3o da Igreja matriz de S\u00e3o Boaventura&nbsp;em Canavieiras (BA) continuam at\u00e9 o dia 14 de julho. Na pr\u00f3xima sexta-feira (13), tem&nbsp;&nbsp;show da cantora cat\u00f3lica, Adriana Arydes,&nbsp;e no dia 14, ser\u00e1 a vez da anima\u00e7\u00e3o da&nbsp;Comunidade Colo de Deus.<\/p>\n<p style=\"font-weight: 400;\">Os shows acontecem logo ap\u00f3s a santa missa, em mais uma&nbsp;noite do Trezen\u00e1rio de S\u00e3o Boaventura, santo padroeiro da cidade.<\/p>\n<p style=\"font-weight: 400;\">Conhe\u00e7am melhor os trabalhos de Adriana Arydes e da Comunidade Colo de Deus, nos links a seguir:&nbsp;<a href=\"http:\/\/adrianaarydes.com.br\/\">http:\/\/adrianaarydes.com.br\/<\/a>&nbsp;e&nbsp; &nbsp;<a href=\"https:\/\/colodedeus.com.br\/\">https:\/\/colodedeus.com.br\/<\/a><\/p>\n<p><img loading=\"lazy\" decoding=\"async\" class=\"alignnone wp-image-57278\" src=\"http:\/\/portalcatolico.net\/portal\/wp-content\/uploads\/2018\/07\/Adriana_Arydes_-_destaque-300x190.png\" alt=\"\" width=\"706\" height=\"447\" srcset=\"http:\/\/portalcatolico.net\/portal\/wp-content\/uploads\/2018\/07\/Adriana_Arydes_-_destaque-300x190.png 300w, http:\/\/portalcatolico.net\/portal\/wp-content\/uploads\/2018\/07\/Adriana_Arydes_-_destaque-768x487.png 768w, http:\/\/portalcatolico.net\/portal\/wp-content\/uploads\/2018\/07\/Adriana_Arydes_-_destaque-848x536.png 848w, http:\/\/portalcatolico.net\/portal\/wp-content\/uploads\/2018\/07\/Adriana_Arydes_-_destaque.png 925w\" sizes=\"auto, (max-width: 706px) 100vw, 706px\" \/><\/p>\n<p>Fotos:Divulga\u00e7\u00e3o<\/p>\n","protected":false},"excerpt":{"rendered":"<p>Os festejos dos 300 anos de funda\u00e7\u00e3o da Igreja matriz de S\u00e3o Boaventura&nbsp;em Canavieiras (BA) continuam at\u00e9 o dia 14 de julho. Na pr\u00f3xima sexta-feira (13), tem&nbsp;&nbsp;show da cantora cat\u00f3lica, Adriana Arydes,&nbsp;e no dia 14, ser\u00e1 a vez da anima\u00e7\u00e3o da&nbsp;Comunidade Colo de Deus. Os shows acontecem logo ap\u00f3s a santa missa, em mais uma&nbsp;noite&nbsp;<\/p>\n<p><a class=\"btn btn-style\" href=\"http:\/\/portalcatolico.net\/portal\/shows-catolicos-acontecem-neste-fim-de-semana-em-canavieiras\/\">Continue Reading<\/a><\/p>\n","protected":false},"author":2,"featured_media":57277,"comment_status":"open","ping_status":"open","sticky":false,"template":"","format":"standard","meta":{"footnotes":""},"categories":[2],"tags":[],"class_list":["post-57276","post","type-post","status-publish","format-standard","has-post-thumbnail","hentry","category-eventos"],"_links":{"self":[{"href":"http:\/\/portalcatolico.net\/portal\/wp-json\/wp\/v2\/posts\/57276","targetHints":{"allow":["GET"]}}],"collection":[{"href":"http:\/\/portalcatolico.net\/portal\/wp-json\/wp\/v2\/posts"}],"about":[{"href":"http:\/\/portalcatolico.net\/portal\/wp-json\/wp\/v2\/types\/post"}],"author":[{"embeddable":true,"href":"http:\/\/portalcatolico.net\/portal\/wp-json\/wp\/v2\/users\/2"}],"replies":[{"embeddable":true,"href":"http:\/\/portalcatolico.net\/portal\/wp-json\/wp\/v2\/comments?post=57276"}],"version-history":[{"count":2,"href":"http:\/\/portalcatolico.net\/portal\/wp-json\/wp\/v2\/posts\/57276\/revisions"}],"predecessor-version":[{"id":57280,"href":"http:\/\/portalcatolico.net\/portal\/wp-json\/wp\/v2\/posts\/57276\/revisions\/57280"}],"wp:featuredmedia":[{"embeddable":true,"href":"http:\/\/portalcatolico.net\/portal\/wp-json\/wp\/v2\/media\/57277"}],"wp:attachment":[{"href":"http:\/\/portalcatolico.net\/portal\/wp-json\/wp\/v2\/media?parent=57276"}],"wp:term":[{"taxonomy":"category","embeddable":true,"href":"http:\/\/portalcatolico.net\/portal\/wp-json\/wp\/v2\/categories?post=57276"},{"taxonomy":"post_tag","embeddable":true,"href":"http:\/\/portalcatolico.net\/portal\/wp-json\/wp\/v2\/tags?post=57276"}],"curies":[{"name":"wp","href":"https:\/\/api.w.org\/{rel}","templated":true}]}}