{"id":57267,"date":"2018-07-11T19:29:33","date_gmt":"2018-07-11T22:29:33","guid":{"rendered":"http:\/\/portalcatolico.net\/portal\/?p=57267"},"modified":"2018-07-12T18:20:19","modified_gmt":"2018-07-12T21:20:19","slug":"padre-da-paroquia-santa-rita-de-cassia-sera-transferido-para-a-italia","status":"publish","type":"post","link":"http:\/\/portalcatolico.net\/portal\/padre-da-paroquia-santa-rita-de-cassia-sera-transferido-para-a-italia\/","title":{"rendered":"Padre da par\u00f3quia Santa Rita de C\u00e1ssia ser\u00e1 transferido para a It\u00e1lia"},"content":{"rendered":"<p>O&nbsp; Frei Jos\u00e9 Genilton, p\u00e1roco e respons\u00e1vel pela Par\u00f3quia Santa Rita de&nbsp;C\u00e1ssia em Itabuna (BA), anunciou nesta ter\u00e7a-feira (10), uma transfer\u00eancia que ocorrer\u00e1 na igreja matriz. Trata-se do Pe. Frei Alberto, que ir\u00e1 para a It\u00e1lia, ap\u00f3s atuar seis meses na Par\u00f3quia de Santa Rita de C\u00e1ssia.<br \/>\nCom isso,&nbsp;est\u00e1 chegando o Pe. Frei Anailton Brito dos Santos, OFM Cap. E segundo o Frei Genilton, a transfer\u00eancia ser\u00e1 realizada entre agosto e setembro. Ele afirmou ainda, que esse tipo de transfer\u00eancia \u00e9 algo normal para os Frades Capuchinhos.&nbsp;<\/p>\n<p><img loading=\"lazy\" decoding=\"async\" class=\"alignnone size-medium wp-image-57271\" src=\"http:\/\/portalcatolico.net\/portal\/wp-content\/uploads\/2018\/07\/DSCN0055-300x225.jpg\" alt=\"\" width=\"300\" height=\"225\" srcset=\"http:\/\/portalcatolico.net\/portal\/wp-content\/uploads\/2018\/07\/DSCN0055-300x225.jpg 300w, http:\/\/portalcatolico.net\/portal\/wp-content\/uploads\/2018\/07\/DSCN0055-768x576.jpg 768w, http:\/\/portalcatolico.net\/portal\/wp-content\/uploads\/2018\/07\/DSCN0055.jpg 1000w\" sizes=\"auto, (max-width: 300px) 100vw, 300px\" \/> <img loading=\"lazy\" decoding=\"async\" class=\"alignnone size-medium wp-image-57272\" src=\"http:\/\/portalcatolico.net\/portal\/wp-content\/uploads\/2018\/07\/DSCN0069-300x225.jpg\" alt=\"\" width=\"300\" height=\"225\" srcset=\"http:\/\/portalcatolico.net\/portal\/wp-content\/uploads\/2018\/07\/DSCN0069-300x225.jpg 300w, http:\/\/portalcatolico.net\/portal\/wp-content\/uploads\/2018\/07\/DSCN0069-768x576.jpg 768w, http:\/\/portalcatolico.net\/portal\/wp-content\/uploads\/2018\/07\/DSCN0069.jpg 1000w\" sizes=\"auto, (max-width: 300px) 100vw, 300px\" \/><\/p>\n<p>&nbsp; &nbsp;Frei Anaiton&nbsp; &nbsp; &nbsp; &nbsp; &nbsp; &nbsp; &nbsp; &nbsp; &nbsp; &nbsp; &nbsp; &nbsp; &nbsp; &nbsp; &nbsp; &nbsp; &nbsp; &nbsp; &nbsp; &nbsp; &nbsp; &nbsp; &nbsp; &nbsp; &nbsp; &nbsp; &nbsp; &nbsp; &nbsp; &nbsp; &nbsp; &nbsp; &nbsp; &nbsp; &nbsp; &nbsp; Frei Alberto<\/p>\n<p>&nbsp;<\/p>\n","protected":false},"excerpt":{"rendered":"<p>O&nbsp; Frei Jos\u00e9 Genilton, p\u00e1roco e respons\u00e1vel pela Par\u00f3quia Santa Rita de&nbsp;C\u00e1ssia em Itabuna (BA), anunciou nesta ter\u00e7a-feira (10), uma transfer\u00eancia que ocorrer\u00e1 na igreja matriz. Trata-se do Pe. Frei Alberto, que ir\u00e1 para a It\u00e1lia, ap\u00f3s atuar seis meses na Par\u00f3quia de Santa Rita de C\u00e1ssia. Com isso,&nbsp;est\u00e1 chegando o Pe. Frei Anailton Brito&nbsp;<\/p>\n<p><a class=\"btn btn-style\" href=\"http:\/\/portalcatolico.net\/portal\/padre-da-paroquia-santa-rita-de-cassia-sera-transferido-para-a-italia\/\">Continue Reading<\/a><\/p>\n","protected":false},"author":2,"featured_media":57275,"comment_status":"open","ping_status":"open","sticky":false,"template":"","format":"standard","meta":{"footnotes":""},"categories":[4],"tags":[],"class_list":["post-57267","post","type-post","status-publish","format-standard","has-post-thumbnail","hentry","category-destaques"],"_links":{"self":[{"href":"http:\/\/portalcatolico.net\/portal\/wp-json\/wp\/v2\/posts\/57267","targetHints":{"allow":["GET"]}}],"collection":[{"href":"http:\/\/portalcatolico.net\/portal\/wp-json\/wp\/v2\/posts"}],"about":[{"href":"http:\/\/portalcatolico.net\/portal\/wp-json\/wp\/v2\/types\/post"}],"author":[{"embeddable":true,"href":"http:\/\/portalcatolico.net\/portal\/wp-json\/wp\/v2\/users\/2"}],"replies":[{"embeddable":true,"href":"http:\/\/portalcatolico.net\/portal\/wp-json\/wp\/v2\/comments?post=57267"}],"version-history":[{"count":4,"href":"http:\/\/portalcatolico.net\/portal\/wp-json\/wp\/v2\/posts\/57267\/revisions"}],"predecessor-version":[{"id":57274,"href":"http:\/\/portalcatolico.net\/portal\/wp-json\/wp\/v2\/posts\/57267\/revisions\/57274"}],"wp:featuredmedia":[{"embeddable":true,"href":"http:\/\/portalcatolico.net\/portal\/wp-json\/wp\/v2\/media\/57275"}],"wp:attachment":[{"href":"http:\/\/portalcatolico.net\/portal\/wp-json\/wp\/v2\/media?parent=57267"}],"wp:term":[{"taxonomy":"category","embeddable":true,"href":"http:\/\/portalcatolico.net\/portal\/wp-json\/wp\/v2\/categories?post=57267"},{"taxonomy":"post_tag","embeddable":true,"href":"http:\/\/portalcatolico.net\/portal\/wp-json\/wp\/v2\/tags?post=57267"}],"curies":[{"name":"wp","href":"https:\/\/api.w.org\/{rel}","templated":true}]}}