{"id":57262,"date":"2018-07-10T23:43:57","date_gmt":"2018-07-11T02:43:57","guid":{"rendered":"http:\/\/portalcatolico.net\/portal\/?p=57262"},"modified":"2018-07-11T18:45:52","modified_gmt":"2018-07-11T21:45:52","slug":"1-ano-sem-o-frei-cameli-paroquia-em-itabuna-realiza-missa-e-homenageia-o-querido-e-saudoso-sacerdote","status":"publish","type":"post","link":"http:\/\/portalcatolico.net\/portal\/1-ano-sem-o-frei-cameli-paroquia-em-itabuna-realiza-missa-e-homenageia-o-querido-e-saudoso-sacerdote\/","title":{"rendered":"1 ano sem o Frei Cameli: Par\u00f3quia em Itabuna realiza missa e homenageia o querido e saudoso sacerdote"},"content":{"rendered":"<p style=\"font-weight: 400;\">O Mission\u00e1rio,&nbsp; Frei Joaquim Cameli, completou um ano que partiu para a&nbsp;<br \/>\nGl\u00f3ria&nbsp; do Pai em 10 de julho de 2017.&nbsp; Por este motivo, foi realizada na Par\u00f3quia Santa Rita de C\u00e1ssia, em Itabuna (BA), nesta ter\u00e7a-feira (10), uma Celebra\u00e7\u00e3o Eucar\u00edstica em homenagem a&nbsp;<em>um dos maiores construtores de templos sagrados do Brasil e um dos mais queridos Frades Menores Capuchinos da Bahia e do Sergipe.<\/em><\/p>\n<p style=\"font-weight: 400;\">A santa missa teve in\u00edcio \u00e0s 19h e foi presidida pelo Frei Jos\u00e9 Genilton (p\u00e1roco da Par\u00f3quia Santa Rita de C\u00e1ssia) e concelebrada pelos freis: Carlos In\u00e1cio (vig\u00e1rio paroquial), Frei&nbsp;Alberto, Frei Manoel e pelo Di\u00e1cono Permanente da Diocese de Itabuna, Jos\u00e9&nbsp;Ara\u00fajo.<img loading=\"lazy\" decoding=\"async\" class=\"wp-image-57263 aligncenter\" src=\"http:\/\/portalcatolico.net\/portal\/wp-content\/uploads\/2018\/07\/DSCN9930-300x225.jpg\" alt=\"\" width=\"714\" height=\"535\" srcset=\"http:\/\/portalcatolico.net\/portal\/wp-content\/uploads\/2018\/07\/DSCN9930-300x225.jpg 300w, http:\/\/portalcatolico.net\/portal\/wp-content\/uploads\/2018\/07\/DSCN9930-768x576.jpg 768w, http:\/\/portalcatolico.net\/portal\/wp-content\/uploads\/2018\/07\/DSCN9930.jpg 1000w\" sizes=\"auto, (max-width: 714px) 100vw, 714px\" \/><\/p>\n<p style=\"font-weight: 400;\">Muitos fieis e admiradores do Frei Cameli participaram da santa celebra\u00e7\u00e3o. Na oportunidade, Frei Genilton agradeceu aos paroquianos e visitantes que colaboraram com a constru\u00e7\u00e3o do monumento do Frei Cameli, que est\u00e1 situado no estacionamento da Par\u00f3quia de Santa Rita. &#8220;Hoje estamos celebrando 1 ano do falecimento do Frei Joaquim Cameli, que \u00e9 o Pai Espiritual de todos n\u00f3s&#8221;.<\/p>\n<p style=\"font-weight: 400;\">Frei Joaquim Cameli faleceu no dia 10 de julho de 2017, aos 87 anos, e por ser devoto de Santa Rita de C\u00e1ssia, pediu ainda em vida, para ser sepultado aos p\u00e9s da santa, e queria que um monumento fosse constru\u00eddo na igreja matriz, em sua homenagem.<\/p>\n<p><span style=\"font-weight: 400;\">Na homilia,&nbsp;Frei Genilton&nbsp; falou sobre a hist\u00f3ria de evangeliza\u00e7\u00e3o tra\u00e7ada pelo Frei Cameli e relembrou as obras sociais promovidas pelo sacerdote e mission\u00e1rio ao&nbsp;<\/span><span style=\"font-weight: 400;\">longo de&nbsp;6 d\u00e9cadas de sua estadia nas comunidades de Jequi\u00e9, Feira de&nbsp;Santana e Itabuna. Ao final da celebra\u00e7\u00e3o,&nbsp; ele convidou todos os fieis para a b\u00ean\u00e7\u00e3o do monumento.<\/span><\/p>\n<p><img loading=\"lazy\" decoding=\"async\" class=\"wp-image-57265 aligncenter\" src=\"http:\/\/portalcatolico.net\/portal\/wp-content\/uploads\/2018\/07\/DSCN9929-300x225.jpg\" alt=\"\" width=\"716\" height=\"537\" srcset=\"http:\/\/portalcatolico.net\/portal\/wp-content\/uploads\/2018\/07\/DSCN9929-300x225.jpg 300w, http:\/\/portalcatolico.net\/portal\/wp-content\/uploads\/2018\/07\/DSCN9929-768x576.jpg 768w, http:\/\/portalcatolico.net\/portal\/wp-content\/uploads\/2018\/07\/DSCN9929.jpg 1000w\" sizes=\"auto, (max-width: 716px) 100vw, 716px\" \/><\/p>\n","protected":false},"excerpt":{"rendered":"<p>O Mission\u00e1rio,&nbsp; Frei Joaquim Cameli, completou um ano que partiu para a&nbsp; Gl\u00f3ria&nbsp; do Pai em 10 de julho de 2017.&nbsp; Por este motivo, foi realizada na Par\u00f3quia Santa Rita de C\u00e1ssia, em Itabuna (BA), nesta ter\u00e7a-feira (10), uma Celebra\u00e7\u00e3o Eucar\u00edstica em homenagem a&nbsp;um dos maiores construtores de templos sagrados do Brasil e um dos&nbsp;<\/p>\n<p><a class=\"btn btn-style\" href=\"http:\/\/portalcatolico.net\/portal\/1-ano-sem-o-frei-cameli-paroquia-em-itabuna-realiza-missa-e-homenageia-o-querido-e-saudoso-sacerdote\/\">Continue Reading<\/a><\/p>\n","protected":false},"author":2,"featured_media":57264,"comment_status":"open","ping_status":"open","sticky":false,"template":"","format":"standard","meta":{"footnotes":""},"categories":[68],"tags":[],"class_list":["post-57262","post","type-post","status-publish","format-standard","has-post-thumbnail","hentry","category-homilias"],"_links":{"self":[{"href":"http:\/\/portalcatolico.net\/portal\/wp-json\/wp\/v2\/posts\/57262","targetHints":{"allow":["GET"]}}],"collection":[{"href":"http:\/\/portalcatolico.net\/portal\/wp-json\/wp\/v2\/posts"}],"about":[{"href":"http:\/\/portalcatolico.net\/portal\/wp-json\/wp\/v2\/types\/post"}],"author":[{"embeddable":true,"href":"http:\/\/portalcatolico.net\/portal\/wp-json\/wp\/v2\/users\/2"}],"replies":[{"embeddable":true,"href":"http:\/\/portalcatolico.net\/portal\/wp-json\/wp\/v2\/comments?post=57262"}],"version-history":[{"count":1,"href":"http:\/\/portalcatolico.net\/portal\/wp-json\/wp\/v2\/posts\/57262\/revisions"}],"predecessor-version":[{"id":57266,"href":"http:\/\/portalcatolico.net\/portal\/wp-json\/wp\/v2\/posts\/57262\/revisions\/57266"}],"wp:featuredmedia":[{"embeddable":true,"href":"http:\/\/portalcatolico.net\/portal\/wp-json\/wp\/v2\/media\/57264"}],"wp:attachment":[{"href":"http:\/\/portalcatolico.net\/portal\/wp-json\/wp\/v2\/media?parent=57262"}],"wp:term":[{"taxonomy":"category","embeddable":true,"href":"http:\/\/portalcatolico.net\/portal\/wp-json\/wp\/v2\/categories?post=57262"},{"taxonomy":"post_tag","embeddable":true,"href":"http:\/\/portalcatolico.net\/portal\/wp-json\/wp\/v2\/tags?post=57262"}],"curies":[{"name":"wp","href":"https:\/\/api.w.org\/{rel}","templated":true}]}}