{"id":57255,"date":"2018-07-10T22:13:32","date_gmt":"2018-07-11T01:13:32","guid":{"rendered":"http:\/\/portalcatolico.net\/portal\/?p=57255"},"modified":"2018-07-10T22:13:32","modified_gmt":"2018-07-11T01:13:32","slug":"india-intolerancia-religiosa-continua-a-crescer","status":"publish","type":"post","link":"http:\/\/portalcatolico.net\/portal\/india-intolerancia-religiosa-continua-a-crescer\/","title":{"rendered":"\u00cdndia: intoler\u00e2ncia religiosa continua a crescer"},"content":{"rendered":"<p>&#8220;Cerca de vinte epis\u00f3dios de viol\u00eancia contra crist\u00e3os se verificaram todos os meses, de janeiro at\u00e9 o final de maio de 2018&#8221;.<\/p>\n<p>A viol\u00eancia contra os crist\u00e3os na \u00cdndia continua alta. H\u00e1 101 epis\u00f3dios registrados nos primeiros cinco meses de 2018, assinalados em um novo relat\u00f3rio publicado pela \u201cAlliance Defending Freedom\u201d (Adf) \u00cdndia, uma ONG de inspira\u00e7\u00e3o crist\u00e3. &#8220;Cerca de vinte epis\u00f3dios de viol\u00eancia contra crist\u00e3os se verificaram todos os meses, de janeiro at\u00e9 o final de maio de 2018&#8221;, explicou \u00e0 Ag\u00eancia Fides A.C. Miguel, leigo cat\u00f3lico e conselheiro da Adf. Dos 101 epis\u00f3dios de viol\u00eancia contra crist\u00e3os, 21 ocorreram em janeiro, seguidos de 19 em fevereiro, 20 em mar\u00e7o, 17 em abril e 24 em maio.<\/p>\n<p>Segundo o documento, est\u00e1 crescendo a tend\u00eancia perigosa de amea\u00e7as e intimida\u00e7\u00f5es ou as agress\u00f5es a encontros pac\u00edficos de crist\u00e3os reunidos em ora\u00e7\u00e3o. Da mesma forma, est\u00e3o crescendo os ataques contra mulheres e crian\u00e7as crist\u00e3s.<\/p>\n<h3>Viol\u00eancias contra os crist\u00e3os<\/h3>\n<p>O documento tamb\u00e9m observa que outros quatro estados indianos relataram viol\u00eancias contra os crist\u00e3os, pela primeira vez em 2018: trata-se de Delhi, Goa, Pondicherry e Rajasthan, aumentando &nbsp;assim a 75% a \u00e1rea territorial do pa\u00eds onde \u00e9 considerada em risco a livre pr\u00e1tica livre da f\u00e9. De acordo&nbsp; com Tehmina Arora, pesquisadora e advogada crist\u00e3, a classifica\u00e7\u00e3o dos partidos leigos ou religiosos n\u00e3o faz nenhuma diferen\u00e7a quando se trata de ataques contra os crist\u00e3os: a viol\u00eancia ocorreu em oito estados governados pelas chamadas &#8220;for\u00e7as leigas&#8221;, enquanto outros 14 estados s\u00e3o governados por nacionalistas hindus do Partido Bharatiya Janata (BJP). Nos \u00faltimos quatro anos atrav\u00e9s do servi\u00e7o telef\u00f4nico \u201cHelpline\u201d, (linha de apoio), promovido pelo United Christian Forum, foram relatados mais de 750 epis\u00f3dios de viol\u00eancia contra os crist\u00e3os.<\/p>\n<p>Nos \u00faltimos dias, a Igreja na \u00cdndia pediu o apoio total do Estado para enfrentar as quest\u00f5es ainda pendentes que afetam os crist\u00e3os de Orissa. O pedido foi feito pelo Secret\u00e1rio-Geral da Confer\u00eancia Episcopal Indiana (CBCI), Theodore Mascarenhas, ao primeiro-ministro do estado de Orissa, Naveen Patnaik, no d\u00e9cimo anivers\u00e1rio das ferozes viol\u00eancias anti-crist\u00e3s de Kandhamal em agosto de 2008.(Vatican News)&nbsp;<\/p>\n","protected":false},"excerpt":{"rendered":"<p>&#8220;Cerca de vinte epis\u00f3dios de viol\u00eancia contra crist\u00e3os se verificaram todos os meses, de janeiro at\u00e9 o final de maio de 2018&#8221;. A viol\u00eancia contra os crist\u00e3os na \u00cdndia continua alta. H\u00e1 101 epis\u00f3dios registrados nos primeiros cinco meses de 2018, assinalados em um novo relat\u00f3rio publicado pela \u201cAlliance Defending Freedom\u201d (Adf) \u00cdndia, uma ONG&nbsp;<\/p>\n<p><a class=\"btn btn-style\" href=\"http:\/\/portalcatolico.net\/portal\/india-intolerancia-religiosa-continua-a-crescer\/\">Continue Reading<\/a><\/p>\n","protected":false},"author":2,"featured_media":57256,"comment_status":"open","ping_status":"open","sticky":false,"template":"","format":"standard","meta":{"footnotes":""},"categories":[5],"tags":[],"class_list":["post-57255","post","type-post","status-publish","format-standard","has-post-thumbnail","hentry","category-igreja_no_mundo"],"_links":{"self":[{"href":"http:\/\/portalcatolico.net\/portal\/wp-json\/wp\/v2\/posts\/57255","targetHints":{"allow":["GET"]}}],"collection":[{"href":"http:\/\/portalcatolico.net\/portal\/wp-json\/wp\/v2\/posts"}],"about":[{"href":"http:\/\/portalcatolico.net\/portal\/wp-json\/wp\/v2\/types\/post"}],"author":[{"embeddable":true,"href":"http:\/\/portalcatolico.net\/portal\/wp-json\/wp\/v2\/users\/2"}],"replies":[{"embeddable":true,"href":"http:\/\/portalcatolico.net\/portal\/wp-json\/wp\/v2\/comments?post=57255"}],"version-history":[{"count":1,"href":"http:\/\/portalcatolico.net\/portal\/wp-json\/wp\/v2\/posts\/57255\/revisions"}],"predecessor-version":[{"id":57257,"href":"http:\/\/portalcatolico.net\/portal\/wp-json\/wp\/v2\/posts\/57255\/revisions\/57257"}],"wp:featuredmedia":[{"embeddable":true,"href":"http:\/\/portalcatolico.net\/portal\/wp-json\/wp\/v2\/media\/57256"}],"wp:attachment":[{"href":"http:\/\/portalcatolico.net\/portal\/wp-json\/wp\/v2\/media?parent=57255"}],"wp:term":[{"taxonomy":"category","embeddable":true,"href":"http:\/\/portalcatolico.net\/portal\/wp-json\/wp\/v2\/categories?post=57255"},{"taxonomy":"post_tag","embeddable":true,"href":"http:\/\/portalcatolico.net\/portal\/wp-json\/wp\/v2\/tags?post=57255"}],"curies":[{"name":"wp","href":"https:\/\/api.w.org\/{rel}","templated":true}]}}