{"id":57248,"date":"2018-07-13T04:14:04","date_gmt":"2018-07-13T07:14:04","guid":{"rendered":"http:\/\/portalcatolico.net\/portal\/?p=57248"},"modified":"2018-07-10T06:16:13","modified_gmt":"2018-07-10T09:16:13","slug":"sete-diaconos-serao-ordenados-padres-na-diocese-de-eunapolis-confira","status":"publish","type":"post","link":"http:\/\/portalcatolico.net\/portal\/sete-diaconos-serao-ordenados-padres-na-diocese-de-eunapolis-confira\/","title":{"rendered":"Sete di\u00e1conos ser\u00e3o ordenados padres na Diocese de Eun\u00e1polis. Confira!"},"content":{"rendered":"<p style=\"font-weight: 400;\">O Instituto Mission\u00e1rio Servos do Senhor, com sede na Diocese e cidade&nbsp;de Eun\u00e1polis, no extremo sul do Estado da Bahia, tem alegria de convidar&nbsp;&nbsp;voc\u00ea e sua fam\u00edlia para a celebra\u00e7\u00e3o Eucar\u00edstica, na qual, pela ora\u00e7\u00e3o&nbsp;da Igreja&nbsp; e pelo gesto sacramental&nbsp; de imposi\u00e7\u00e3o das m\u00e3os&nbsp; do bispo da&nbsp;diocese de Eun\u00e1polis e pai fundador,&nbsp; Dom Jos\u00e9 Edson Santana&nbsp; Oliveira,&nbsp;sete di\u00e1conos ser\u00e3o ordenados presb\u00edteros.<\/p>\n<p style=\"font-weight: 400;\">A celebra\u00e7\u00e3o acontecer\u00e1&nbsp;&nbsp;no dia 28 de julho, \u00e0s&nbsp;19h, na&nbsp;Par\u00f3quia e Catedral Diocesana&nbsp; Nossa Senhora Auxiliadora,&nbsp;situada na Pra\u00e7a Frei Calisto, s\/n\u00ba \u2013 no Centro da cidade de Eun\u00e1polis.<br \/>\nOs sete religiosos&nbsp; da Diocese&nbsp; e cidade de Eun\u00e1polis&nbsp;&nbsp;foram&nbsp;ordenados di\u00e1conos no dia 02 de fevereiro&nbsp; deste ano de&nbsp; 2018.<\/p>\n<p style=\"font-weight: 400;\"><strong>Confira os nomes dos 7 di\u00e1conos que ser\u00e3o ordenados padres<\/strong>:<\/p>\n<p style=\"font-weight: 400;\">Frei Erivelton Alves de Oliveira ,MSs<br \/>\nFrei Fernando do Nascimento Concei\u00e7\u00e3o, MSs<br \/>\nFrei Francisco Pereira da Silva, MSs<br \/>\nFrei Luiz Henrique Lima da Silva, MSs<br \/>\nFrei Marconi Ramos da Silva, MSs<br \/>\nFrei Marcos Ant\u00f4nio Vieira Coelho, MSs<br \/>\nFrei Francisco&nbsp; Flaviol\u00e3ndio Alves Vitoriano, MSs<br \/>\nUm dos Frades&nbsp; Servitanos, o Frei Marconi, est\u00e1 na Par\u00f3quia Nossa&nbsp;Senhora da Piedade, situada no bairro Maria Pinheiro na Diocese de&nbsp;Itabuna (BA),realizando seu trabalho de pastoral e de evangeliza\u00e7\u00e3o.<br \/>\nO&nbsp; Frei Luiz Henrique Lima, \u00e9 natural de Itabuna, sua cidade natal e&nbsp;onde seus familiares residem.<br \/>\nTodos os&nbsp; sete Frades Servitanos s\u00e3o do Instituto Mission\u00e1rios Servos do&nbsp;Senhor.<\/p>\n<p style=\"font-weight: 400;\">Foto: Reprodu\u00e7\u00e3o\/Facebook<\/p>\n","protected":false},"excerpt":{"rendered":"<p>O Instituto Mission\u00e1rio Servos do Senhor, com sede na Diocese e cidade&nbsp;de Eun\u00e1polis, no extremo sul do Estado da Bahia, tem alegria de convidar&nbsp;&nbsp;voc\u00ea e sua fam\u00edlia para a celebra\u00e7\u00e3o Eucar\u00edstica, na qual, pela ora\u00e7\u00e3o&nbsp;da Igreja&nbsp; e pelo gesto sacramental&nbsp; de imposi\u00e7\u00e3o das m\u00e3os&nbsp; do bispo da&nbsp;diocese de Eun\u00e1polis e pai fundador,&nbsp; Dom Jos\u00e9 Edson&nbsp;<\/p>\n<p><a class=\"btn btn-style\" href=\"http:\/\/portalcatolico.net\/portal\/sete-diaconos-serao-ordenados-padres-na-diocese-de-eunapolis-confira\/\">Continue Reading<\/a><\/p>\n","protected":false},"author":2,"featured_media":57251,"comment_status":"open","ping_status":"open","sticky":false,"template":"","format":"standard","meta":{"footnotes":""},"categories":[1],"tags":[],"class_list":["post-57248","post","type-post","status-publish","format-standard","has-post-thumbnail","hentry","category-agenda"],"_links":{"self":[{"href":"http:\/\/portalcatolico.net\/portal\/wp-json\/wp\/v2\/posts\/57248","targetHints":{"allow":["GET"]}}],"collection":[{"href":"http:\/\/portalcatolico.net\/portal\/wp-json\/wp\/v2\/posts"}],"about":[{"href":"http:\/\/portalcatolico.net\/portal\/wp-json\/wp\/v2\/types\/post"}],"author":[{"embeddable":true,"href":"http:\/\/portalcatolico.net\/portal\/wp-json\/wp\/v2\/users\/2"}],"replies":[{"embeddable":true,"href":"http:\/\/portalcatolico.net\/portal\/wp-json\/wp\/v2\/comments?post=57248"}],"version-history":[{"count":3,"href":"http:\/\/portalcatolico.net\/portal\/wp-json\/wp\/v2\/posts\/57248\/revisions"}],"predecessor-version":[{"id":57253,"href":"http:\/\/portalcatolico.net\/portal\/wp-json\/wp\/v2\/posts\/57248\/revisions\/57253"}],"wp:featuredmedia":[{"embeddable":true,"href":"http:\/\/portalcatolico.net\/portal\/wp-json\/wp\/v2\/media\/57251"}],"wp:attachment":[{"href":"http:\/\/portalcatolico.net\/portal\/wp-json\/wp\/v2\/media?parent=57248"}],"wp:term":[{"taxonomy":"category","embeddable":true,"href":"http:\/\/portalcatolico.net\/portal\/wp-json\/wp\/v2\/categories?post=57248"},{"taxonomy":"post_tag","embeddable":true,"href":"http:\/\/portalcatolico.net\/portal\/wp-json\/wp\/v2\/tags?post=57248"}],"curies":[{"name":"wp","href":"https:\/\/api.w.org\/{rel}","templated":true}]}}