{"id":57240,"date":"2018-07-09T22:41:46","date_gmt":"2018-07-10T01:41:46","guid":{"rendered":"http:\/\/portalcatolico.net\/portal\/?p=57240"},"modified":"2018-07-09T22:48:31","modified_gmt":"2018-07-10T01:48:31","slug":"continua-em-itabuna-o-novenario-e-festa-de-santa-maria-goretti","status":"publish","type":"post","link":"http:\/\/portalcatolico.net\/portal\/continua-em-itabuna-o-novenario-e-festa-de-santa-maria-goretti\/","title":{"rendered":"Continua em Itabuna, o Noven\u00e1rio e Festa de Santa Maria Goretti"},"content":{"rendered":"<p style=\"font-weight: 400;\">Os&nbsp;&nbsp;padres mission\u00e1rios passionistas&nbsp; da igreja matriz de Santa Maria&nbsp;Goretti,&nbsp; na Diocese de Itabuna, no sul da Bahia, convida voc\u00ea e sua&nbsp;fam\u00edlia, para&nbsp;participar do Noven\u00e1rio e Festa da padroeira do bairro&nbsp;Mangabinha em Itabuna (BA).<\/p>\n<p style=\"font-weight: 400;\">O tema central da festa \u00e9: &#8220;Chamados \u00e0 santidade no mundo atual&#8221;.<\/p>\n<p style=\"font-weight: 400;\">No sal\u00e3o paroquial, os casais do ECC est\u00e3o realizando&nbsp;um bazar com vendas de roupas e cal\u00e7ados&nbsp;<br \/>\ncom valores de 1 a&nbsp; at\u00e9 15 reais.&nbsp;<\/p>\n<p style=\"font-weight: 400;\">Nesta, segunda-feira (09), os&nbsp;convidados da noite foram: Par\u00f3quia&nbsp; Nossa Senhora da Concei\u00e7\u00e3o (do bairro&nbsp;<br \/>\nFerradas) e comunidades. &nbsp;Noiteiros: Comerciantes do bairro Mangabinha,&nbsp;ECC, MECE e Voz Mariana.<\/p>\n<p style=\"font-weight: 400;\">A santa missa de hoje foi presidida&nbsp;pelo Pe. Jos\u00e9 Roberto (p\u00e1roco da par\u00f3quia Nossa Senhora da&nbsp;<br \/>\nConcei\u00e7\u00e3o de Ferradas), concelebrada&nbsp; pelo padre Martins Alves (p\u00e1roco da&nbsp;igreja matriz de Santa Maria Goretti), pelo Pe. Passionista&nbsp; Luiz e Padre&nbsp;Nerisvaldo Azevedo (p\u00e1roco da Par\u00f3quia S\u00e3o Jos\u00e9 da cidade de Una).<\/p>\n<p style=\"font-weight: 400;\">O&nbsp;subtema da 5\u00aa Noite foi: &#8220;Felizes os mansos, porque possuir\u00e3o a Terra&#8221;, refletido pelo Padre Nerivaldo Azevedo. Na homilia, ele disse: &#8220;A santidade n\u00e3o \u00e9 para poucos, a santidade \u00e9 para todos, e essa busca da santidade, se faz necess\u00e1ria constantemente, dia ap\u00f3s dia&#8221;.<\/p>\n<p style=\"font-weight: 400;\">O Noven\u00e1rio teve in\u00edcio na \u00faltima&nbsp;quinta-feira (05) e segue at\u00e9&nbsp; o pr\u00f3ximo s\u00e1bado (14).<\/p>\n<p style=\"font-weight: 400;\">&nbsp;Todas as noites, \u00e0s&nbsp;18h t\u00eam a reza do santo&nbsp;ter\u00e7o e \u00e0s 19h, acontece a Celebra\u00e7\u00e3o Eucar\u00edstica. Ap\u00f3s a santa missa, tem&nbsp;momento de&nbsp;confraterniza\u00e7\u00e3o com quermesse no p\u00e1tio da par\u00f3quia.<\/p>\n<p style=\"font-weight: 400;\">O grande dia festivo (s\u00e1bado, 14), ter\u00e1 uma programa\u00e7\u00e3o especial: concentra\u00e7\u00e3o no p\u00e1tio da igreja \u00e0s 17h; prociss\u00e3o luminosa \u00e0s 18h e missa solene \u00e0s 19h, seguida de encerramento. Participe!<\/p>\n<p>Confira as fotos na nossa p\u00e1gina do Facebook. <a href=\"https:\/\/www.facebook.com\/portalcatolicooficial\"><span style=\"color: #ff0000;\">CLIQUE AQUI<\/span><\/a><\/p>\n","protected":false},"excerpt":{"rendered":"<p>Os&nbsp;&nbsp;padres mission\u00e1rios passionistas&nbsp; da igreja matriz de Santa Maria&nbsp;Goretti,&nbsp; na Diocese de Itabuna, no sul da Bahia, convida voc\u00ea e sua&nbsp;fam\u00edlia, para&nbsp;participar do Noven\u00e1rio e Festa da padroeira do bairro&nbsp;Mangabinha em Itabuna (BA). O tema central da festa \u00e9: &#8220;Chamados \u00e0 santidade no mundo atual&#8221;. No sal\u00e3o paroquial, os casais do ECC est\u00e3o realizando&nbsp;um bazar&nbsp;<\/p>\n<p><a class=\"btn btn-style\" href=\"http:\/\/portalcatolico.net\/portal\/continua-em-itabuna-o-novenario-e-festa-de-santa-maria-goretti\/\">Continue Reading<\/a><\/p>\n","protected":false},"author":2,"featured_media":57241,"comment_status":"open","ping_status":"open","sticky":false,"template":"","format":"standard","meta":{"footnotes":""},"categories":[68],"tags":[],"class_list":["post-57240","post","type-post","status-publish","format-standard","has-post-thumbnail","hentry","category-homilias"],"_links":{"self":[{"href":"http:\/\/portalcatolico.net\/portal\/wp-json\/wp\/v2\/posts\/57240","targetHints":{"allow":["GET"]}}],"collection":[{"href":"http:\/\/portalcatolico.net\/portal\/wp-json\/wp\/v2\/posts"}],"about":[{"href":"http:\/\/portalcatolico.net\/portal\/wp-json\/wp\/v2\/types\/post"}],"author":[{"embeddable":true,"href":"http:\/\/portalcatolico.net\/portal\/wp-json\/wp\/v2\/users\/2"}],"replies":[{"embeddable":true,"href":"http:\/\/portalcatolico.net\/portal\/wp-json\/wp\/v2\/comments?post=57240"}],"version-history":[{"count":3,"href":"http:\/\/portalcatolico.net\/portal\/wp-json\/wp\/v2\/posts\/57240\/revisions"}],"predecessor-version":[{"id":57244,"href":"http:\/\/portalcatolico.net\/portal\/wp-json\/wp\/v2\/posts\/57240\/revisions\/57244"}],"wp:featuredmedia":[{"embeddable":true,"href":"http:\/\/portalcatolico.net\/portal\/wp-json\/wp\/v2\/media\/57241"}],"wp:attachment":[{"href":"http:\/\/portalcatolico.net\/portal\/wp-json\/wp\/v2\/media?parent=57240"}],"wp:term":[{"taxonomy":"category","embeddable":true,"href":"http:\/\/portalcatolico.net\/portal\/wp-json\/wp\/v2\/categories?post=57240"},{"taxonomy":"post_tag","embeddable":true,"href":"http:\/\/portalcatolico.net\/portal\/wp-json\/wp\/v2\/tags?post=57240"}],"curies":[{"name":"wp","href":"https:\/\/api.w.org\/{rel}","templated":true}]}}