{"id":57233,"date":"2018-07-09T12:29:17","date_gmt":"2018-07-09T15:29:17","guid":{"rendered":"http:\/\/portalcatolico.net\/portal\/?p=57233"},"modified":"2018-07-09T13:03:25","modified_gmt":"2018-07-09T16:03:25","slug":"convite-para-a-missa-de-um-ano-pelo-falecimento-de-frei-joaquim-cameli","status":"publish","type":"post","link":"http:\/\/portalcatolico.net\/portal\/convite-para-a-missa-de-um-ano-pelo-falecimento-de-frei-joaquim-cameli\/","title":{"rendered":"Convite para a Missa de um ano pelo falecimento de Frei Joaquim Cameli"},"content":{"rendered":"<p style=\"font-weight: 400;\">Os Frades Menores Capuchinhos da Bahia e&nbsp; Sergipe juntamente com a Par\u00f3quia Santa Rita&nbsp;de C\u00e1ssia, da Diocese de Itabuna, convida&nbsp; voc\u00ea e todos os fieis&nbsp;&nbsp;da&nbsp;regi\u00e3o para&nbsp; participar da santa missa de um ano do falecimento do Frei Joaquim Cameli. A celebra\u00e7\u00e3o acontecer\u00e1 nesta ter\u00e7a-feira, \u00e0s 19h.<\/p>\n<p style=\"font-weight: 400;\">Na oportunidade, ser\u00e3o recordadas todas as obras&nbsp;sociais promovidas pelo sacerdote e mission\u00e1rio ao longo de&nbsp; 6 d\u00e9cadas de&nbsp;sua estadia na comunidade itabunense.<\/p>\n<p style=\"font-weight: 400;\">Vale lembrar, que o Portal Cat\u00f3lico Web R\u00e1dio estar\u00e1 transmitido ao Vivo&nbsp;e em tempo real&nbsp; a Celebra\u00e7\u00e3o Eucar\u00edstica, direta da Igreja matriz&nbsp; de&nbsp;Santa Rita de C\u00e1ssia. Para acompanha a transmiss\u00e3o, segue o link: www.portalcatolico.net&nbsp;<\/p>\n<p style=\"font-weight: 400;\">O Mission\u00e1rio e patriarca foi um dos maiores&nbsp;construtores templos&nbsp; sagrados do mundo (foram mais 27 em todo o&nbsp;interior da Bahia, nas dioceses de Itabuna e Jequi\u00e9).<\/p>\n<p style=\"font-weight: 400;\">Frei Joaquim faleceu aos 87 anos no dia 10 de julho de 2017 por problemas de sa\u00fade.<\/p>\n","protected":false},"excerpt":{"rendered":"<p>Os Frades Menores Capuchinhos da Bahia e&nbsp; Sergipe juntamente com a Par\u00f3quia Santa Rita&nbsp;de C\u00e1ssia, da Diocese de Itabuna, convida&nbsp; voc\u00ea e todos os fieis&nbsp;&nbsp;da&nbsp;regi\u00e3o para&nbsp; participar da santa missa de um ano do falecimento do Frei Joaquim Cameli. A celebra\u00e7\u00e3o acontecer\u00e1 nesta ter\u00e7a-feira, \u00e0s 19h. Na oportunidade, ser\u00e3o recordadas todas as obras&nbsp;sociais promovidas pelo&nbsp;<\/p>\n<p><a class=\"btn btn-style\" href=\"http:\/\/portalcatolico.net\/portal\/convite-para-a-missa-de-um-ano-pelo-falecimento-de-frei-joaquim-cameli\/\">Continue Reading<\/a><\/p>\n","protected":false},"author":2,"featured_media":57234,"comment_status":"open","ping_status":"open","sticky":false,"template":"","format":"standard","meta":{"footnotes":""},"categories":[1],"tags":[],"class_list":["post-57233","post","type-post","status-publish","format-standard","has-post-thumbnail","hentry","category-agenda"],"_links":{"self":[{"href":"http:\/\/portalcatolico.net\/portal\/wp-json\/wp\/v2\/posts\/57233","targetHints":{"allow":["GET"]}}],"collection":[{"href":"http:\/\/portalcatolico.net\/portal\/wp-json\/wp\/v2\/posts"}],"about":[{"href":"http:\/\/portalcatolico.net\/portal\/wp-json\/wp\/v2\/types\/post"}],"author":[{"embeddable":true,"href":"http:\/\/portalcatolico.net\/portal\/wp-json\/wp\/v2\/users\/2"}],"replies":[{"embeddable":true,"href":"http:\/\/portalcatolico.net\/portal\/wp-json\/wp\/v2\/comments?post=57233"}],"version-history":[{"count":4,"href":"http:\/\/portalcatolico.net\/portal\/wp-json\/wp\/v2\/posts\/57233\/revisions"}],"predecessor-version":[{"id":57239,"href":"http:\/\/portalcatolico.net\/portal\/wp-json\/wp\/v2\/posts\/57233\/revisions\/57239"}],"wp:featuredmedia":[{"embeddable":true,"href":"http:\/\/portalcatolico.net\/portal\/wp-json\/wp\/v2\/media\/57234"}],"wp:attachment":[{"href":"http:\/\/portalcatolico.net\/portal\/wp-json\/wp\/v2\/media?parent=57233"}],"wp:term":[{"taxonomy":"category","embeddable":true,"href":"http:\/\/portalcatolico.net\/portal\/wp-json\/wp\/v2\/categories?post=57233"},{"taxonomy":"post_tag","embeddable":true,"href":"http:\/\/portalcatolico.net\/portal\/wp-json\/wp\/v2\/tags?post=57233"}],"curies":[{"name":"wp","href":"https:\/\/api.w.org\/{rel}","templated":true}]}}