{"id":57229,"date":"2018-07-09T06:18:41","date_gmt":"2018-07-09T09:18:41","guid":{"rendered":"http:\/\/portalcatolico.net\/portal\/?p=57229"},"modified":"2018-07-09T06:32:35","modified_gmt":"2018-07-09T09:32:35","slug":"diocese-de-itabuna-realizou-o-i-congresso-diocesano-liturgico-catequetico","status":"publish","type":"post","link":"http:\/\/portalcatolico.net\/portal\/diocese-de-itabuna-realizou-o-i-congresso-diocesano-liturgico-catequetico\/","title":{"rendered":"Diocese de Itabuna realizou o I Congresso Diocesano Lit\u00fargico- Catequ\u00e9tico"},"content":{"rendered":"<p>Entre os dias &nbsp;06, 07 e 08 de julho, a Diocese de Itabuna, realizou no&nbsp;Centro Pastoral Diocesano, situado no bairro Jardim&nbsp; Vit\u00f3ria na cidade&nbsp;de Itabuna (BA), o&nbsp; I Congresso lit\u00fargico-catequ\u00e9tico, acolhendo todos os&nbsp;catequistas das 33 par\u00f3quias que comp\u00f5em a Diocese em 19 munic\u00edpios&nbsp;, al\u00e9m dos membros da Comiss\u00e3o Diocesano de Liturgia com o tema&nbsp;&nbsp;&#8220;Inicia\u00e7\u00e3o \u00e0 Vida Crist\u00e3 \u2013 Pistas para uma catequese com estilo&nbsp;catecumenal&#8221; .&nbsp;<\/p>\n<p>O objetivo da iniciativa \u00e9 oferecer aos catequistas as&nbsp;orienta\u00e7\u00f5es que proporcionem mais conhecimento sobre o m\u00e9todo&nbsp;catecumenal.&nbsp; O&nbsp; evento foi assessorado pelo&nbsp;Padre Ant\u00f4nio Martins da Diocese de Eun\u00e1polis ,no extremo &#8211; sul da Bahia, e foi composto de Workshop, Missa todos os dias, plen\u00e1rio com as&nbsp;apresenta\u00e7\u00f5es&nbsp; das praticas do RICA, al\u00e9m de filmes do documento 107.&nbsp;&nbsp;<br \/>\nAl\u00e9m disso, houve trabalhos em grupos das pr\u00e9-catecumenato e catecumenato, of\u00edcio da&nbsp;Imaculada Concei\u00e7\u00e3o, noite cultural, entre outros momentos de&nbsp;evangeliza\u00e7\u00e3o.<\/p>\n<p>A forma\u00e7\u00e3o contou a presen\u00e7a de 74 membros das Pastorais&nbsp;da&nbsp;Catequese e liturgia&nbsp;das diversas comunidades paroquias da Diocese&nbsp;de Itabuna,&nbsp; das tr\u00eas fanonias Sul, Norte e Centro.<\/p>\n<p>O evento teve in\u00edcio,dia(06), \u00e0s 18h, com a santa Missa presidida pelo Bispo Diocesano, Dom Carlos&nbsp;<br \/>\nAlberto dos Santos, e concelebrada pelo Pe. Ac\u00e1ssio Alves ( Coordenador&nbsp;das Pastorais Diocesanas), pelo Pe. Jos\u00e9 Augusto Ferreira, pelo di\u00e1cono Trajano,&nbsp;al\u00e9m dos seminaristas.<\/p>\n<p>O Congresso&nbsp; proporcionou a forma\u00e7\u00e3o e a partilha de&nbsp;experi\u00eancias da catequese de Inicia\u00e7\u00e3o \u00e0 Vida Crist\u00e3 com inspira\u00e7\u00e3o&nbsp;catecumenal na Diocese de Itabuna, al\u00e9m do conhecimento do Documento 107&nbsp;aprovado nas \u00faltimas Assembleia da Confer\u00eancia Nacional dos Bispos do&nbsp;Brasil (CNBB), com o t\u00edtulo &#8220;Inicia\u00e7\u00e3o \u00e0 Vida Crist\u00e3: itiner\u00e1rio para&nbsp;formar disc\u00edpulos mission\u00e1rios&#8221;.<\/p>\n<p>O Documento 107 representa um passo importante na caminhada da Igreja no&nbsp;Brasil. Neste domingo, (08)&nbsp; os congressistas puderam assistir um&nbsp; v\u00eddeo&nbsp;com a&nbsp;mensagem do bispo Dom Jose Peruzzo.&nbsp; A Santa Missa Eucar\u00edstica de envio&nbsp;aconteceu \u00e0s 11h, e foi presidida pelo Bispo Diocesano da Diocese de&nbsp;Itabuna, Dom Carlos Alberto dos Santos e concelebrada pelos padres&nbsp;Adriano Fernandes (Assessora da Pastoral da Catequese) e pelo Assessor&nbsp; do&nbsp;I Congresso lit\u00fargico-catequ\u00e9tico na Diocese, o&nbsp; Pe. Ant\u00f4nio Martins e pelo&nbsp;Di\u00e1cono Trajano Oswaldo, al\u00e9m dos seminaristas do Semin\u00e1rio Proped\u00eautico&nbsp;da Diocese de Itabuna.<\/p>\n<p>Segundo o Coordenador Diocesano da Catequese da Diocese de&nbsp;Itabuna,&nbsp; Danilo Barbosa, este \u00e9 um evento que &nbsp;atende justamente ao pedido da CNBB que \u00e9 &#8220;a pastoral de conjunto, onde dentro do documento diz que por um bom tempo houve uma ruptura entre a Pastoral da Catequese e a Pastoral da Liturgia. E agora est\u00e1 tendo essa urg\u00eancia em reatar de novo essas duas pastorais, e com isso, estar fazendo com que este evento aconte\u00e7a como uma inspira\u00e7\u00e3o catecumenal&#8221;.<\/p>\n<p>Reportagem e fotos: Valdeni Elias<br \/>\nEdi\u00e7\u00e3o de texto: Anara Passos (Jornalista-DRT 7574)<\/p>\n<p>GALERIA DE FOTOS: <a href=\"https:\/\/www.facebook.com\/portalcatolicooficial\/\"><span style=\"color: #ff0000;\">CLIQUE AQUI<\/span><\/a><\/p>\n<p>&nbsp;<\/p>\n<p>&nbsp;<\/p>\n","protected":false},"excerpt":{"rendered":"<p>Entre os dias &nbsp;06, 07 e 08 de julho, a Diocese de Itabuna, realizou no&nbsp;Centro Pastoral Diocesano, situado no bairro Jardim&nbsp; Vit\u00f3ria na cidade&nbsp;de Itabuna (BA), o&nbsp; I Congresso lit\u00fargico-catequ\u00e9tico, acolhendo todos os&nbsp;catequistas das 33 par\u00f3quias que comp\u00f5em a Diocese em 19 munic\u00edpios&nbsp;, al\u00e9m dos membros da Comiss\u00e3o Diocesano de Liturgia com o tema&nbsp;&nbsp;&#8220;Inicia\u00e7\u00e3o \u00e0&nbsp;<\/p>\n<p><a class=\"btn btn-style\" href=\"http:\/\/portalcatolico.net\/portal\/diocese-de-itabuna-realizou-o-i-congresso-diocesano-liturgico-catequetico\/\">Continue Reading<\/a><\/p>\n","protected":false},"author":2,"featured_media":57230,"comment_status":"open","ping_status":"open","sticky":false,"template":"","format":"standard","meta":{"footnotes":""},"categories":[65],"tags":[],"class_list":["post-57229","post","type-post","status-publish","format-standard","has-post-thumbnail","hentry","category-entrevistas"],"_links":{"self":[{"href":"http:\/\/portalcatolico.net\/portal\/wp-json\/wp\/v2\/posts\/57229","targetHints":{"allow":["GET"]}}],"collection":[{"href":"http:\/\/portalcatolico.net\/portal\/wp-json\/wp\/v2\/posts"}],"about":[{"href":"http:\/\/portalcatolico.net\/portal\/wp-json\/wp\/v2\/types\/post"}],"author":[{"embeddable":true,"href":"http:\/\/portalcatolico.net\/portal\/wp-json\/wp\/v2\/users\/2"}],"replies":[{"embeddable":true,"href":"http:\/\/portalcatolico.net\/portal\/wp-json\/wp\/v2\/comments?post=57229"}],"version-history":[{"count":3,"href":"http:\/\/portalcatolico.net\/portal\/wp-json\/wp\/v2\/posts\/57229\/revisions"}],"predecessor-version":[{"id":57237,"href":"http:\/\/portalcatolico.net\/portal\/wp-json\/wp\/v2\/posts\/57229\/revisions\/57237"}],"wp:featuredmedia":[{"embeddable":true,"href":"http:\/\/portalcatolico.net\/portal\/wp-json\/wp\/v2\/media\/57230"}],"wp:attachment":[{"href":"http:\/\/portalcatolico.net\/portal\/wp-json\/wp\/v2\/media?parent=57229"}],"wp:term":[{"taxonomy":"category","embeddable":true,"href":"http:\/\/portalcatolico.net\/portal\/wp-json\/wp\/v2\/categories?post=57229"},{"taxonomy":"post_tag","embeddable":true,"href":"http:\/\/portalcatolico.net\/portal\/wp-json\/wp\/v2\/tags?post=57229"}],"curies":[{"name":"wp","href":"https:\/\/api.w.org\/{rel}","templated":true}]}}